{"id":3634,"date":"2023-05-18T12:28:48","date_gmt":"2023-05-18T16:28:48","guid":{"rendered":"http:\/\/cml-latin.cl\/site\/?p=3634"},"modified":"2023-05-18T16:08:02","modified_gmt":"2023-05-18T20:08:02","slug":"agricultura-en-chile-intercambio-de-experiencias-con-mexico-sobre-el-cambio-climatico-y-como-afecta-al-sector-agricola","status":"publish","type":"post","link":"https:\/\/cml-latin.cl\/site\/agricultura-en-chile-intercambio-de-experiencias-con-mexico-sobre-el-cambio-climatico-y-como-afecta-al-sector-agricola\/","title":{"rendered":"Agricultura en Chile: Intercambio de experiencias con M\u00e9xico sobre el cambio clim\u00e1tico y como afecta al sector agr\u00edcola."},"content":{"rendered":"\n<figure class=\"wp-block-image alignnone size-full wp-image-2929\"><a href=\"http:\/\/cml-latin.cl\/site\/wp-content\/uploads\/2023\/05\/agricultura-chile-1.webp\"><img loading=\"lazy\" decoding=\"async\" width=\"900\" height=\"506\" src=\"http:\/\/cml-latin.cl\/site\/wp-content\/uploads\/2023\/05\/agricultura-chile-1.webp\" alt=\"\" class=\"wp-image-3647\" srcset=\"https:\/\/cml-latin.cl\/site\/wp-content\/uploads\/2023\/05\/agricultura-chile-1.webp 900w, https:\/\/cml-latin.cl\/site\/wp-content\/uploads\/2023\/05\/agricultura-chile-1-300x169.webp 300w, https:\/\/cml-latin.cl\/site\/wp-content\/uploads\/2023\/05\/agricultura-chile-1-768x432.webp 768w, https:\/\/cml-latin.cl\/site\/wp-content\/uploads\/2023\/05\/agricultura-chile-1-528x297.webp 528w, https:\/\/cml-latin.cl\/site\/wp-content\/uploads\/2023\/05\/agricultura-chile-1-600x337.webp 600w\" sizes=\"auto, (max-width: 900px) 100vw, 900px\" \/><\/a><\/figure>\n\n\n\n<p><span style=\"font-size: 11.5pt; font-family: 'Verdana',sans-serif; color: #222222;\">Agricultura en Chile: Cient\u00edficos de Instituto Mexicano de Tecnolog\u00eda del Agua se reunieron con servicios del Ministerio de Agricultura en Los R\u00edos y Los Lagos para compartir estrategias asociadas a la optimizaci\u00f3n de recurso y el uso eficiente del agua<\/span>.<\/p>\n\n\n\n<p><span style=\"font-size: 11.5pt; font-family: 'Verdana',sans-serif; color: #222222;\">Mexico y Chile son dos pa\u00edses que podr\u00edan verse fuertemente impactados por el cambio clim\u00e1tico. La deficiencia h\u00eddrica y los problemas de accesibilidad al agua ya son una realidad. En este escenario, una delegaci\u00f3n de cient\u00edficos de Instituto Mexicano de Tecnolog\u00eda del Agua visitaron Chile para intercambiar estrategias que puedan contrarrestar este fen\u00f3meno.<\/span><\/p>\n\n\n\n<p><span style=\"font-size: 11.5pt; font-family: 'Verdana',sans-serif; color: #222222;\">\u201cLos desaf\u00edos en materia de agua, tanto en M\u00e9xico como en Chile, son muy parecidos y se resuelven de distintos puntos de vista en ambos pa\u00edses. Al estar aqu\u00ed, nos damos cuenta de que es un problema com\u00fan y podemos fortalecer intercambiando experiencias, errores y sumar las mejores ideas para aprender ambos\u201d, se\u00f1al\u00f3 un tecn\u00f3logo del Agua del IMTA, Axel Falc\u00f3n.<\/span><\/p>\n\n\n\n<p><span style=\"font-size: 11.5pt; font-family: 'Verdana',sans-serif; color: #222222;\">El grupo lleg\u00f3 al territorio gracias al Fondo Conjunto de Cooperaci\u00f3n entre Chile y M\u00e9xico el cual tiene como objetivo fortalecer la implementaci\u00f3n de programas de desarrollo productivo con captaci\u00f3n de agua de lluvia en zonas rurales. La reuni\u00f3n organizada por la Comisi\u00f3n Nacional de Riego (CNR) consider\u00f3 exposiciones y visitas a terreno.<\/span><\/p>\n\n\n\n<h2 class=\"wp-block-heading\">Agricultura en Chile: declaraciones<\/h2>\n\n\n\n<p><span style=\"font-size: 11.5pt; font-family: 'Verdana',sans-serif; color: #222222;\"><br>Rodrigo Z\u00fa\u00f1iga, el Coordinador Zonal Los R\u00edos-Los Lagos de la CNR, coment\u00f3 que el encuentro buscaba intercambiar saberes entre ambos pa\u00edses.<\/span><\/p>\n\n\n\n<p><span style=\"font-size: 11.5pt; font-family: 'Verdana',sans-serif; color: #222222;\">En esa direcci\u00f3n, Tania Salas la Seremi de Agricultura de Los Lagos se\u00f1al\u00f3<\/span>: <\/p>\n\n\n\n<p>\u00abQ<span style=\"font-size: 11.5pt; font-family: 'Verdana',sans-serif; color: #222222;\">ue las materias de investigaci\u00f3n y fomento que realiza el Instituto Mexicano de Tecnolog\u00eda del Agua est\u00e1 en sinton\u00eda con los retos que enfrenta la Comisi\u00f3n Nacional de Riego (CNR) y el Instituto de Investigaciones Agropecuarias (INIA).<\/span><\/p>\n\n\n\n<p><span style=\"font-size: 11.5pt; font-family: 'Verdana',sans-serif; color: #222222;\">Salas coment\u00f3: \u201cLa creaci\u00f3n de tecnolog\u00edas para el uso eficiente del agua es clave para alcanzar una mayor productividad y cuidado con el medio-ambiente, un desaf\u00edo fundamental para las regiones de Los R\u00edos y Los Lagos que en conjunto suman un 70% de la producci\u00f3n nacional de leche\u201d.<\/span><\/p>\n\n\n\n<p><span style=\"font-size: 11.5pt; font-family: 'Verdana',sans-serif; color: #222222;\">La directora de Inia Remehue, Natalie Urrutia valor\u00f3 el intercambio entre ambos pa\u00edses, as\u00ed como la participaci\u00f3n de representantes de la industria l\u00e1ctea.<\/span><\/p>\n\n\n\n<p><span style=\"font-size: 11.5pt; font-family: 'Verdana',sans-serif; color: #222222;\">\u201cFue un espacio muy interesante de conversaci\u00f3n donde compartimos experiencias y pudimos aprender sobre lo que se ha trabajado en M\u00e9xico en investigaci\u00f3n y desarrollo de tecnolog\u00edas para optimizar el uso de agua para riego y consumo\u201d, dijo.<\/span><\/p>\n\n\n\n<p><span style=\"font-size: 11.5pt; font-family: 'Verdana',sans-serif; color: #222222;\">Asimismo, el gerente del Consorcio Lechero, Octavio Oltra valor\u00f3 la participaci\u00f3n de este gremio en el encuentro.<\/span><\/p>\n\n\n\n<p><span style=\"font-size: 11.5pt; font-family: 'Verdana',sans-serif; color: #222222;\">\u201cPara nosotros fue una experiencia bien interesante, ya que en este espacio pudimos conversar con las autoridades locales, como los seremis de Agricultura y la Comisi\u00f3n Nacional de Riego, y tambi\u00e9n con los invitados internacionales del IMTA de M\u00e9xico. Pudimos poner sobre la mesa las problem\u00e1ticas, tanto de Chile como aquellas que nos expresaba la gente de M\u00e9xico, y ver cu\u00e1les son las alternativas que tenemos para mejorar el riego y el uso de este recurso tan importante en el sur de Chile\u201d, finaliz\u00f3.<\/span><\/p>\n\n\n\n<p><\/p>\n\n\n\n<p><span style=\"color: #bababa;\">Fuente: <a href=\"https:\/\/www.eha.cl\/noticia\/regional\/chile-y-mexico-intercambian-experiencias-sobre-adaptacion-al-cambio-climatico-en-el-sector-agricola\">Aqu\u00ed<\/a><\/span><\/p>\n\n\n\n<p><\/p>\n","protected":false},"excerpt":{"rendered":"<p>Agricultura en Chile: Cient\u00edficos de Instituto Mexicano de Tecnolog\u00eda del Agua se reunieron con servicios del Ministerio de Agricultura en Los R\u00edos y Los Lagos para compartir estrategias asociadas a la optimizaci\u00f3n de recurso y el uso eficiente del agua. Mexico y Chile son dos pa\u00edses que podr\u00edan verse fuertemente impactados por el cambio clim\u00e1tico. [&hellip;]<\/p>\n","protected":false},"author":2,"featured_media":3647,"comment_status":"closed","ping_status":"open","sticky":false,"template":"","format":"standard","meta":{"footnotes":""},"categories":[81,61],"tags":[71,79],"class_list":{"0":"post-3634","1":"post","2":"type-post","3":"status-publish","4":"format-standard","5":"has-post-thumbnail","7":"category-agricultura-en-chile-noticias","8":"category-noticias","9":"tag-agricultura","10":"tag-agricultura-en-chile","11":"czr-hentry"},"yoast_head":"<!-- This site is optimized with the Yoast SEO plugin v27.5 - https:\/\/yoast.com\/product\/yoast-seo-wordpress\/ -->\n<title>Agricultura en Chile: Intercambio de experiencias con M\u00e9xico sobre el cambio clim\u00e1tico y como afecta al sector agr\u00edcola. - CML<\/title>\n<meta name=\"description\" content=\"Agricultura en Chile: Parcelas demostrativas dan resultados positivos a la sistematizaci\u00f3n de riego tecnificado.\" \/>\n<meta name=\"robots\" content=\"index, follow, max-snippet:-1, max-image-preview:large, max-video-preview:-1\" \/>\n<link rel=\"canonical\" href=\"https:\/\/cml-latin.cl\/site\/agricultura-en-chile-intercambio-de-experiencias-con-mexico-sobre-el-cambio-climatico-y-como-afecta-al-sector-agricola\/\" \/>\n<meta property=\"og:locale\" content=\"es_ES\" \/>\n<meta property=\"og:type\" content=\"article\" \/>\n<meta property=\"og:title\" content=\"Agricultura en Chile: Intercambio de experiencias con M\u00e9xico sobre el cambio clim\u00e1tico y como afecta al sector agr\u00edcola. - CML\" \/>\n<meta property=\"og:description\" content=\"Agricultura en Chile: Parcelas demostrativas dan resultados positivos a la sistematizaci\u00f3n de riego tecnificado.\" \/>\n<meta property=\"og:url\" content=\"https:\/\/cml-latin.cl\/site\/agricultura-en-chile-intercambio-de-experiencias-con-mexico-sobre-el-cambio-climatico-y-como-afecta-al-sector-agricola\/\" \/>\n<meta property=\"og:site_name\" content=\"CML\" \/>\n<meta property=\"article:published_time\" content=\"2023-05-18T16:28:48+00:00\" \/>\n<meta property=\"article:modified_time\" content=\"2023-05-18T20:08:02+00:00\" \/>\n<meta property=\"og:image\" content=\"https:\/\/cml-latin.cl\/site\/wp-content\/uploads\/2023\/05\/agricultura-chile-1.webp\" \/>\n\t<meta property=\"og:image:width\" content=\"900\" \/>\n\t<meta property=\"og:image:height\" content=\"506\" \/>\n\t<meta property=\"og:image:type\" content=\"image\/webp\" \/>\n<meta name=\"author\" content=\"CML\" \/>\n<meta name=\"twitter:card\" content=\"summary_large_image\" \/>\n<meta name=\"twitter:label1\" content=\"Escrito por\" \/>\n\t<meta name=\"twitter:data1\" content=\"CML\" \/>\n\t<meta name=\"twitter:label2\" content=\"Tiempo de lectura\" \/>\n\t<meta name=\"twitter:data2\" content=\"3 minutos\" \/>\n<script type=\"application\/ld+json\" class=\"yoast-schema-graph\">{\"@context\":\"https:\\\/\\\/schema.org\",\"@graph\":[{\"@type\":\"Article\",\"@id\":\"https:\\\/\\\/cml-latin.cl\\\/site\\\/agricultura-en-chile-intercambio-de-experiencias-con-mexico-sobre-el-cambio-climatico-y-como-afecta-al-sector-agricola\\\/#article\",\"isPartOf\":{\"@id\":\"https:\\\/\\\/cml-latin.cl\\\/site\\\/agricultura-en-chile-intercambio-de-experiencias-con-mexico-sobre-el-cambio-climatico-y-como-afecta-al-sector-agricola\\\/\"},\"author\":{\"name\":\"CML\",\"@id\":\"https:\\\/\\\/cml-latin.cl\\\/site\\\/#\\\/schema\\\/person\\\/9a3f07d94d42c0c1b252f59933f29512\"},\"headline\":\"Agricultura en Chile: Intercambio de experiencias con M\u00e9xico sobre el cambio clim\u00e1tico y como afecta al sector agr\u00edcola.\",\"datePublished\":\"2023-05-18T16:28:48+00:00\",\"dateModified\":\"2023-05-18T20:08:02+00:00\",\"mainEntityOfPage\":{\"@id\":\"https:\\\/\\\/cml-latin.cl\\\/site\\\/agricultura-en-chile-intercambio-de-experiencias-con-mexico-sobre-el-cambio-climatico-y-como-afecta-al-sector-agricola\\\/\"},\"wordCount\":567,\"publisher\":{\"@id\":\"https:\\\/\\\/cml-latin.cl\\\/site\\\/#organization\"},\"image\":{\"@id\":\"https:\\\/\\\/cml-latin.cl\\\/site\\\/agricultura-en-chile-intercambio-de-experiencias-con-mexico-sobre-el-cambio-climatico-y-como-afecta-al-sector-agricola\\\/#primaryimage\"},\"thumbnailUrl\":\"https:\\\/\\\/cml-latin.cl\\\/site\\\/wp-content\\\/uploads\\\/2023\\\/05\\\/agricultura-chile-1.webp\",\"keywords\":[\"Agricultura\",\"Agricultura en Chile\"],\"articleSection\":[\"Agricultura en Chile\",\"Noticias\"],\"inLanguage\":\"es\"},{\"@type\":\"WebPage\",\"@id\":\"https:\\\/\\\/cml-latin.cl\\\/site\\\/agricultura-en-chile-intercambio-de-experiencias-con-mexico-sobre-el-cambio-climatico-y-como-afecta-al-sector-agricola\\\/\",\"url\":\"https:\\\/\\\/cml-latin.cl\\\/site\\\/agricultura-en-chile-intercambio-de-experiencias-con-mexico-sobre-el-cambio-climatico-y-como-afecta-al-sector-agricola\\\/\",\"name\":\"Agricultura en Chile: Intercambio de experiencias con M\u00e9xico sobre el cambio clim\u00e1tico y como afecta al sector agr\u00edcola. - CML\",\"isPartOf\":{\"@id\":\"https:\\\/\\\/cml-latin.cl\\\/site\\\/#website\"},\"primaryImageOfPage\":{\"@id\":\"https:\\\/\\\/cml-latin.cl\\\/site\\\/agricultura-en-chile-intercambio-de-experiencias-con-mexico-sobre-el-cambio-climatico-y-como-afecta-al-sector-agricola\\\/#primaryimage\"},\"image\":{\"@id\":\"https:\\\/\\\/cml-latin.cl\\\/site\\\/agricultura-en-chile-intercambio-de-experiencias-con-mexico-sobre-el-cambio-climatico-y-como-afecta-al-sector-agricola\\\/#primaryimage\"},\"thumbnailUrl\":\"https:\\\/\\\/cml-latin.cl\\\/site\\\/wp-content\\\/uploads\\\/2023\\\/05\\\/agricultura-chile-1.webp\",\"datePublished\":\"2023-05-18T16:28:48+00:00\",\"dateModified\":\"2023-05-18T20:08:02+00:00\",\"description\":\"Agricultura en Chile: Parcelas demostrativas dan resultados positivos a la sistematizaci\u00f3n de riego tecnificado.\",\"breadcrumb\":{\"@id\":\"https:\\\/\\\/cml-latin.cl\\\/site\\\/agricultura-en-chile-intercambio-de-experiencias-con-mexico-sobre-el-cambio-climatico-y-como-afecta-al-sector-agricola\\\/#breadcrumb\"},\"inLanguage\":\"es\",\"potentialAction\":[{\"@type\":\"ReadAction\",\"target\":[\"https:\\\/\\\/cml-latin.cl\\\/site\\\/agricultura-en-chile-intercambio-de-experiencias-con-mexico-sobre-el-cambio-climatico-y-como-afecta-al-sector-agricola\\\/\"]}]},{\"@type\":\"ImageObject\",\"inLanguage\":\"es\",\"@id\":\"https:\\\/\\\/cml-latin.cl\\\/site\\\/agricultura-en-chile-intercambio-de-experiencias-con-mexico-sobre-el-cambio-climatico-y-como-afecta-al-sector-agricola\\\/#primaryimage\",\"url\":\"https:\\\/\\\/cml-latin.cl\\\/site\\\/wp-content\\\/uploads\\\/2023\\\/05\\\/agricultura-chile-1.webp\",\"contentUrl\":\"https:\\\/\\\/cml-latin.cl\\\/site\\\/wp-content\\\/uploads\\\/2023\\\/05\\\/agricultura-chile-1.webp\",\"width\":900,\"height\":506},{\"@type\":\"BreadcrumbList\",\"@id\":\"https:\\\/\\\/cml-latin.cl\\\/site\\\/agricultura-en-chile-intercambio-de-experiencias-con-mexico-sobre-el-cambio-climatico-y-como-afecta-al-sector-agricola\\\/#breadcrumb\",\"itemListElement\":[{\"@type\":\"ListItem\",\"position\":1,\"name\":\"Portada\",\"item\":\"https:\\\/\\\/cml-latin.cl\\\/site\\\/\"},{\"@type\":\"ListItem\",\"position\":2,\"name\":\"Agricultura en Chile: Intercambio de experiencias con M\u00e9xico sobre el cambio clim\u00e1tico y como afecta al sector agr\u00edcola.\"}]},{\"@type\":\"WebSite\",\"@id\":\"https:\\\/\\\/cml-latin.cl\\\/site\\\/#website\",\"url\":\"https:\\\/\\\/cml-latin.cl\\\/site\\\/\",\"name\":\"CML\",\"description\":\"\",\"publisher\":{\"@id\":\"https:\\\/\\\/cml-latin.cl\\\/site\\\/#organization\"},\"potentialAction\":[{\"@type\":\"SearchAction\",\"target\":{\"@type\":\"EntryPoint\",\"urlTemplate\":\"https:\\\/\\\/cml-latin.cl\\\/site\\\/?s={search_term_string}\"},\"query-input\":{\"@type\":\"PropertyValueSpecification\",\"valueRequired\":true,\"valueName\":\"search_term_string\"}}],\"inLanguage\":\"es\"},{\"@type\":\"Organization\",\"@id\":\"https:\\\/\\\/cml-latin.cl\\\/site\\\/#organization\",\"name\":\"CML\",\"url\":\"https:\\\/\\\/cml-latin.cl\\\/site\\\/\",\"logo\":{\"@type\":\"ImageObject\",\"inLanguage\":\"es\",\"@id\":\"https:\\\/\\\/cml-latin.cl\\\/site\\\/#\\\/schema\\\/logo\\\/image\\\/\",\"url\":\"https:\\\/\\\/cml-latin.cl\\\/site\\\/wp-content\\\/uploads\\\/2019\\\/05\\\/cropped-logoOKGG.png\",\"contentUrl\":\"https:\\\/\\\/cml-latin.cl\\\/site\\\/wp-content\\\/uploads\\\/2019\\\/05\\\/cropped-logoOKGG.png\",\"width\":512,\"height\":140,\"caption\":\"CML\"},\"image\":{\"@id\":\"https:\\\/\\\/cml-latin.cl\\\/site\\\/#\\\/schema\\\/logo\\\/image\\\/\"}},{\"@type\":\"Person\",\"@id\":\"https:\\\/\\\/cml-latin.cl\\\/site\\\/#\\\/schema\\\/person\\\/9a3f07d94d42c0c1b252f59933f29512\",\"name\":\"CML\",\"image\":{\"@type\":\"ImageObject\",\"inLanguage\":\"es\",\"@id\":\"https:\\\/\\\/secure.gravatar.com\\\/avatar\\\/03c800bf8e38db45c1a21afffc4f2c292deb29aa639ea1657d3494b4ccba34f6?s=96&d=mm&r=g\",\"url\":\"https:\\\/\\\/secure.gravatar.com\\\/avatar\\\/03c800bf8e38db45c1a21afffc4f2c292deb29aa639ea1657d3494b4ccba34f6?s=96&d=mm&r=g\",\"contentUrl\":\"https:\\\/\\\/secure.gravatar.com\\\/avatar\\\/03c800bf8e38db45c1a21afffc4f2c292deb29aa639ea1657d3494b4ccba34f6?s=96&d=mm&r=g\",\"caption\":\"CML\"},\"url\":\"https:\\\/\\\/cml-latin.cl\\\/site\\\/author\\\/wq000415\\\/\"}]}<\/script>\n<!-- \/ Yoast SEO plugin. -->","yoast_head_json":{"title":"Agricultura en Chile: Intercambio de experiencias con M\u00e9xico sobre el cambio clim\u00e1tico y como afecta al sector agr\u00edcola. - CML","description":"Agricultura en Chile: Parcelas demostrativas dan resultados positivos a la sistematizaci\u00f3n de riego tecnificado.","robots":{"index":"index","follow":"follow","max-snippet":"max-snippet:-1","max-image-preview":"max-image-preview:large","max-video-preview":"max-video-preview:-1"},"canonical":"https:\/\/cml-latin.cl\/site\/agricultura-en-chile-intercambio-de-experiencias-con-mexico-sobre-el-cambio-climatico-y-como-afecta-al-sector-agricola\/","og_locale":"es_ES","og_type":"article","og_title":"Agricultura en Chile: Intercambio de experiencias con M\u00e9xico sobre el cambio clim\u00e1tico y como afecta al sector agr\u00edcola. - CML","og_description":"Agricultura en Chile: Parcelas demostrativas dan resultados positivos a la sistematizaci\u00f3n de riego tecnificado.","og_url":"https:\/\/cml-latin.cl\/site\/agricultura-en-chile-intercambio-de-experiencias-con-mexico-sobre-el-cambio-climatico-y-como-afecta-al-sector-agricola\/","og_site_name":"CML","article_published_time":"2023-05-18T16:28:48+00:00","article_modified_time":"2023-05-18T20:08:02+00:00","og_image":[{"width":900,"height":506,"url":"https:\/\/cml-latin.cl\/site\/wp-content\/uploads\/2023\/05\/agricultura-chile-1.webp","type":"image\/webp"}],"author":"CML","twitter_card":"summary_large_image","twitter_misc":{"Escrito por":"CML","Tiempo de lectura":"3 minutos"},"schema":{"@context":"https:\/\/schema.org","@graph":[{"@type":"Article","@id":"https:\/\/cml-latin.cl\/site\/agricultura-en-chile-intercambio-de-experiencias-con-mexico-sobre-el-cambio-climatico-y-como-afecta-al-sector-agricola\/#article","isPartOf":{"@id":"https:\/\/cml-latin.cl\/site\/agricultura-en-chile-intercambio-de-experiencias-con-mexico-sobre-el-cambio-climatico-y-como-afecta-al-sector-agricola\/"},"author":{"name":"CML","@id":"https:\/\/cml-latin.cl\/site\/#\/schema\/person\/9a3f07d94d42c0c1b252f59933f29512"},"headline":"Agricultura en Chile: Intercambio de experiencias con M\u00e9xico sobre el cambio clim\u00e1tico y como afecta al sector agr\u00edcola.","datePublished":"2023-05-18T16:28:48+00:00","dateModified":"2023-05-18T20:08:02+00:00","mainEntityOfPage":{"@id":"https:\/\/cml-latin.cl\/site\/agricultura-en-chile-intercambio-de-experiencias-con-mexico-sobre-el-cambio-climatico-y-como-afecta-al-sector-agricola\/"},"wordCount":567,"publisher":{"@id":"https:\/\/cml-latin.cl\/site\/#organization"},"image":{"@id":"https:\/\/cml-latin.cl\/site\/agricultura-en-chile-intercambio-de-experiencias-con-mexico-sobre-el-cambio-climatico-y-como-afecta-al-sector-agricola\/#primaryimage"},"thumbnailUrl":"https:\/\/cml-latin.cl\/site\/wp-content\/uploads\/2023\/05\/agricultura-chile-1.webp","keywords":["Agricultura","Agricultura en Chile"],"articleSection":["Agricultura en Chile","Noticias"],"inLanguage":"es"},{"@type":"WebPage","@id":"https:\/\/cml-latin.cl\/site\/agricultura-en-chile-intercambio-de-experiencias-con-mexico-sobre-el-cambio-climatico-y-como-afecta-al-sector-agricola\/","url":"https:\/\/cml-latin.cl\/site\/agricultura-en-chile-intercambio-de-experiencias-con-mexico-sobre-el-cambio-climatico-y-como-afecta-al-sector-agricola\/","name":"Agricultura en Chile: Intercambio de experiencias con M\u00e9xico sobre el cambio clim\u00e1tico y como afecta al sector agr\u00edcola. - CML","isPartOf":{"@id":"https:\/\/cml-latin.cl\/site\/#website"},"primaryImageOfPage":{"@id":"https:\/\/cml-latin.cl\/site\/agricultura-en-chile-intercambio-de-experiencias-con-mexico-sobre-el-cambio-climatico-y-como-afecta-al-sector-agricola\/#primaryimage"},"image":{"@id":"https:\/\/cml-latin.cl\/site\/agricultura-en-chile-intercambio-de-experiencias-con-mexico-sobre-el-cambio-climatico-y-como-afecta-al-sector-agricola\/#primaryimage"},"thumbnailUrl":"https:\/\/cml-latin.cl\/site\/wp-content\/uploads\/2023\/05\/agricultura-chile-1.webp","datePublished":"2023-05-18T16:28:48+00:00","dateModified":"2023-05-18T20:08:02+00:00","description":"Agricultura en Chile: Parcelas demostrativas dan resultados positivos a la sistematizaci\u00f3n de riego tecnificado.","breadcrumb":{"@id":"https:\/\/cml-latin.cl\/site\/agricultura-en-chile-intercambio-de-experiencias-con-mexico-sobre-el-cambio-climatico-y-como-afecta-al-sector-agricola\/#breadcrumb"},"inLanguage":"es","potentialAction":[{"@type":"ReadAction","target":["https:\/\/cml-latin.cl\/site\/agricultura-en-chile-intercambio-de-experiencias-con-mexico-sobre-el-cambio-climatico-y-como-afecta-al-sector-agricola\/"]}]},{"@type":"ImageObject","inLanguage":"es","@id":"https:\/\/cml-latin.cl\/site\/agricultura-en-chile-intercambio-de-experiencias-con-mexico-sobre-el-cambio-climatico-y-como-afecta-al-sector-agricola\/#primaryimage","url":"https:\/\/cml-latin.cl\/site\/wp-content\/uploads\/2023\/05\/agricultura-chile-1.webp","contentUrl":"https:\/\/cml-latin.cl\/site\/wp-content\/uploads\/2023\/05\/agricultura-chile-1.webp","width":900,"height":506},{"@type":"BreadcrumbList","@id":"https:\/\/cml-latin.cl\/site\/agricultura-en-chile-intercambio-de-experiencias-con-mexico-sobre-el-cambio-climatico-y-como-afecta-al-sector-agricola\/#breadcrumb","itemListElement":[{"@type":"ListItem","position":1,"name":"Portada","item":"https:\/\/cml-latin.cl\/site\/"},{"@type":"ListItem","position":2,"name":"Agricultura en Chile: Intercambio de experiencias con M\u00e9xico sobre el cambio clim\u00e1tico y como afecta al sector agr\u00edcola."}]},{"@type":"WebSite","@id":"https:\/\/cml-latin.cl\/site\/#website","url":"https:\/\/cml-latin.cl\/site\/","name":"CML","description":"","publisher":{"@id":"https:\/\/cml-latin.cl\/site\/#organization"},"potentialAction":[{"@type":"SearchAction","target":{"@type":"EntryPoint","urlTemplate":"https:\/\/cml-latin.cl\/site\/?s={search_term_string}"},"query-input":{"@type":"PropertyValueSpecification","valueRequired":true,"valueName":"search_term_string"}}],"inLanguage":"es"},{"@type":"Organization","@id":"https:\/\/cml-latin.cl\/site\/#organization","name":"CML","url":"https:\/\/cml-latin.cl\/site\/","logo":{"@type":"ImageObject","inLanguage":"es","@id":"https:\/\/cml-latin.cl\/site\/#\/schema\/logo\/image\/","url":"https:\/\/cml-latin.cl\/site\/wp-content\/uploads\/2019\/05\/cropped-logoOKGG.png","contentUrl":"https:\/\/cml-latin.cl\/site\/wp-content\/uploads\/2019\/05\/cropped-logoOKGG.png","width":512,"height":140,"caption":"CML"},"image":{"@id":"https:\/\/cml-latin.cl\/site\/#\/schema\/logo\/image\/"}},{"@type":"Person","@id":"https:\/\/cml-latin.cl\/site\/#\/schema\/person\/9a3f07d94d42c0c1b252f59933f29512","name":"CML","image":{"@type":"ImageObject","inLanguage":"es","@id":"https:\/\/secure.gravatar.com\/avatar\/03c800bf8e38db45c1a21afffc4f2c292deb29aa639ea1657d3494b4ccba34f6?s=96&d=mm&r=g","url":"https:\/\/secure.gravatar.com\/avatar\/03c800bf8e38db45c1a21afffc4f2c292deb29aa639ea1657d3494b4ccba34f6?s=96&d=mm&r=g","contentUrl":"https:\/\/secure.gravatar.com\/avatar\/03c800bf8e38db45c1a21afffc4f2c292deb29aa639ea1657d3494b4ccba34f6?s=96&d=mm&r=g","caption":"CML"},"url":"https:\/\/cml-latin.cl\/site\/author\/wq000415\/"}]}},"_links":{"self":[{"href":"https:\/\/cml-latin.cl\/site\/wp-json\/wp\/v2\/posts\/3634","targetHints":{"allow":["GET"]}}],"collection":[{"href":"https:\/\/cml-latin.cl\/site\/wp-json\/wp\/v2\/posts"}],"about":[{"href":"https:\/\/cml-latin.cl\/site\/wp-json\/wp\/v2\/types\/post"}],"author":[{"embeddable":true,"href":"https:\/\/cml-latin.cl\/site\/wp-json\/wp\/v2\/users\/2"}],"replies":[{"embeddable":true,"href":"https:\/\/cml-latin.cl\/site\/wp-json\/wp\/v2\/comments?post=3634"}],"version-history":[{"count":0,"href":"https:\/\/cml-latin.cl\/site\/wp-json\/wp\/v2\/posts\/3634\/revisions"}],"wp:featuredmedia":[{"embeddable":true,"href":"https:\/\/cml-latin.cl\/site\/wp-json\/wp\/v2\/media\/3647"}],"wp:attachment":[{"href":"https:\/\/cml-latin.cl\/site\/wp-json\/wp\/v2\/media?parent=3634"}],"wp:term":[{"taxonomy":"category","embeddable":true,"href":"https:\/\/cml-latin.cl\/site\/wp-json\/wp\/v2\/categories?post=3634"},{"taxonomy":"post_tag","embeddable":true,"href":"https:\/\/cml-latin.cl\/site\/wp-json\/wp\/v2\/tags?post=3634"}],"curies":[{"name":"wp","href":"https:\/\/api.w.org\/{rel}","templated":true}]}}