{"id":2975,"date":"2023-03-10T16:16:43","date_gmt":"2023-03-10T20:16:43","guid":{"rendered":"http:\/\/cml-latin.cl\/site\/?p=2975"},"modified":"2023-03-10T16:17:00","modified_gmt":"2023-03-10T20:17:00","slug":"mineria-chilena-las-oportunidades-para-el-desarrollo-de-la-mineria","status":"publish","type":"post","link":"https:\/\/cml-latin.cl\/site\/mineria-chilena-las-oportunidades-para-el-desarrollo-de-la-mineria\/","title":{"rendered":"Miner\u00eda Chilena: Las oportunidades para el desarrollo de la miner\u00eda."},"content":{"rendered":"<p><a href=\"http:\/\/cml-latin.cl\/site\/wp-content\/uploads\/2023\/03\/MINERiA-CHILENA-LAS-OPORTUNIDADES-PARA-EL-DESARROLLO-DE-LA-MINERiA.-.jpg\"><img loading=\"lazy\" decoding=\"async\" class=\"alignnone size-full wp-image-2976\" src=\"http:\/\/cml-latin.cl\/site\/wp-content\/uploads\/2023\/03\/MINERiA-CHILENA-LAS-OPORTUNIDADES-PARA-EL-DESARROLLO-DE-LA-MINERiA.-.jpg\" alt=\"Miner\u00eda chilena: Las oportunidades para el desarrollo de la miner\u00eda. Por medio de la \u201cEncuesta de Voces Mineras 2023\u201d se recogi\u00f3 la opini\u00f3n de la organizaci\u00f3n gremial.\" width=\"900\" height=\"506\" srcset=\"https:\/\/cml-latin.cl\/site\/wp-content\/uploads\/2023\/03\/MINERiA-CHILENA-LAS-OPORTUNIDADES-PARA-EL-DESARROLLO-DE-LA-MINERiA.-.jpg 900w, https:\/\/cml-latin.cl\/site\/wp-content\/uploads\/2023\/03\/MINERiA-CHILENA-LAS-OPORTUNIDADES-PARA-EL-DESARROLLO-DE-LA-MINERiA.--300x169.jpg 300w, https:\/\/cml-latin.cl\/site\/wp-content\/uploads\/2023\/03\/MINERiA-CHILENA-LAS-OPORTUNIDADES-PARA-EL-DESARROLLO-DE-LA-MINERiA.--768x432.jpg 768w, https:\/\/cml-latin.cl\/site\/wp-content\/uploads\/2023\/03\/MINERiA-CHILENA-LAS-OPORTUNIDADES-PARA-EL-DESARROLLO-DE-LA-MINERiA.--528x297.jpg 528w, https:\/\/cml-latin.cl\/site\/wp-content\/uploads\/2023\/03\/MINERiA-CHILENA-LAS-OPORTUNIDADES-PARA-EL-DESARROLLO-DE-LA-MINERiA.--600x337.jpg 600w\" sizes=\"auto, (max-width: 900px) 100vw, 900px\" \/><\/a><\/p>\n<p><span style=\"font-size: 11.5pt; font-family: 'Verdana',sans-serif; color: #222222;\">Miner\u00eda chilena: Las oportunidades para el desarrollo de la miner\u00eda. Por medio de la \u201cEncuesta de Voces Mineras 2023\u201d se recogi\u00f3 la opini\u00f3n de la organizaci\u00f3n gremial.<\/span><\/p>\n<h2>Miner\u00eda Chilena: La encuesta<\/h2>\n<p><span style=\"font-size: 11.5pt; font-family: 'Verdana',sans-serif; color: #222222;\">La mayor\u00eda de los encuestados indic\u00f3 que la principal oportunidad de desarrollo estar\u00e1 relacionada con el avance de la miner\u00eda verde, concepto que implica la incorporaci\u00f3n e implementaci\u00f3n de estrategias que permitan un proceso minero responsable con el medioambiente y las comunidades.<\/span><\/p>\n<p><span style=\"font-size: 11.5pt; font-family: 'Verdana',sans-serif; color: #222222;\">Siguiendo de cerca est\u00e1n quienes se inclinaron por la electromovilidad y la descarbonizaci\u00f3n de la matriz energ\u00e9tica indicandola como una oportunidad de desarrollo relevante para la miner\u00eda chilena.<\/span><\/p>\n<p><span style=\"font-size: 11.5pt; font-family: 'Verdana',sans-serif; color: #222222;\">En tercer lugar las respuestas se dividieron entre el desarrollo de la industria del litio y el aprovechamiento de los relaves..<\/span><\/p>\n<h2>C\u00f3mo aprovechar el boom del litio<\/h2>\n<p><span style=\"font-size: 11.5pt; font-family: 'Verdana',sans-serif; color: #222222;\">Sobre la forma en que la miner\u00eda Chilena debiera sacar mayor provecho del litio, los socios de VVMM y especialistas plantearon una serie de alternativas..<\/span><\/p>\n<p><span style=\"font-size: 11.5pt; font-family: 'Verdana',sans-serif; color: #222222;\">Se sugiri\u00f3 la necesidad de eliminar el car\u00e1cter del litio como mineral no concesible. Adem\u00e1s propusieron apresurar la ejecuci\u00f3n de proyectos que permitan a Chile ser m\u00e1s activo en este mercado y disminuir las restricciones de permisos para nuevas inversiones.<br \/><\/span><\/p>\n<p><span style=\"font-size: 11.5pt; font-family: 'Verdana',sans-serif; color: #222222;\">Los encuestados coincidieron en la necesidad de incentivar la inversi\u00f3n privada, ya sea directamente o a trav\u00e9s de la empresa estatal que se pretende formar, por medio de una asociaci\u00f3n p\u00fablico-privada.<\/span><\/p>\n<p><span style=\"color: #bababa;\">Fuente: <a href=\"https:\/\/www.portalminero.com\/wp\/voces-mineras-donde-estan-las-oportunidades-para-el-desarrollo-futuro-de-la-mineria\/\">Aqu\u00ed<\/a><\/span><\/p>\n\n\n<p><\/p>\n","protected":false},"excerpt":{"rendered":"<p>Miner\u00eda chilena: Las oportunidades para el desarrollo de la miner\u00eda. Por medio de la \u201cEncuesta de Voces Mineras 2023\u201d se recogi\u00f3 la opini\u00f3n de la organizaci\u00f3n gremial. Miner\u00eda Chilena: La encuesta La mayor\u00eda de los encuestados indic\u00f3 que la principal oportunidad de desarrollo estar\u00e1 relacionada con el avance de la miner\u00eda verde, concepto que implica [&hellip;]<\/p>\n","protected":false},"author":2,"featured_media":2976,"comment_status":"closed","ping_status":"open","sticky":false,"template":"","format":"standard","meta":{"footnotes":""},"categories":[62,61],"tags":[66,74],"class_list":{"0":"post-2975","1":"post","2":"type-post","3":"status-publish","4":"format-standard","5":"has-post-thumbnail","7":"category-mineria","8":"category-noticias","9":"tag-mineria","10":"tag-mineria-chilena","11":"czr-hentry"},"yoast_head":"<!-- This site is optimized with the Yoast SEO plugin v27.4 - https:\/\/yoast.com\/product\/yoast-seo-wordpress\/ -->\n<title>Miner\u00eda Chilena: Las oportunidades para el desarrollo de la miner\u00eda. - CML<\/title>\n<meta name=\"description\" content=\"Miner\u00eda chilena: Por medio de la \u201cEncuesta de Voces Mineras 2023\u201d se recogi\u00f3 la opini\u00f3n de la organizaci\u00f3n gremial.\" \/>\n<meta name=\"robots\" content=\"index, follow, max-snippet:-1, max-image-preview:large, max-video-preview:-1\" \/>\n<link rel=\"canonical\" href=\"https:\/\/cml-latin.cl\/site\/mineria-chilena-las-oportunidades-para-el-desarrollo-de-la-mineria\/\" \/>\n<meta property=\"og:locale\" content=\"es_ES\" \/>\n<meta property=\"og:type\" content=\"article\" \/>\n<meta property=\"og:title\" content=\"Miner\u00eda Chilena: Las oportunidades para el desarrollo de la miner\u00eda. - CML\" \/>\n<meta property=\"og:description\" content=\"Miner\u00eda chilena: Por medio de la \u201cEncuesta de Voces Mineras 2023\u201d se recogi\u00f3 la opini\u00f3n de la organizaci\u00f3n gremial.\" \/>\n<meta property=\"og:url\" content=\"https:\/\/cml-latin.cl\/site\/mineria-chilena-las-oportunidades-para-el-desarrollo-de-la-mineria\/\" \/>\n<meta property=\"og:site_name\" content=\"CML\" \/>\n<meta property=\"article:published_time\" content=\"2023-03-10T20:16:43+00:00\" \/>\n<meta property=\"article:modified_time\" content=\"2023-03-10T20:17:00+00:00\" \/>\n<meta property=\"og:image\" content=\"https:\/\/cml-latin.cl\/site\/wp-content\/uploads\/2023\/03\/MINERiA-CHILENA-LAS-OPORTUNIDADES-PARA-EL-DESARROLLO-DE-LA-MINERiA.-.jpg\" \/>\n\t<meta property=\"og:image:width\" content=\"900\" \/>\n\t<meta property=\"og:image:height\" content=\"506\" \/>\n\t<meta property=\"og:image:type\" content=\"image\/jpeg\" \/>\n<meta name=\"author\" content=\"CML\" \/>\n<meta name=\"twitter:card\" content=\"summary_large_image\" \/>\n<meta name=\"twitter:label1\" content=\"Escrito por\" \/>\n\t<meta name=\"twitter:data1\" content=\"CML\" \/>\n\t<meta name=\"twitter:label2\" content=\"Tiempo de lectura\" \/>\n\t<meta name=\"twitter:data2\" content=\"2 minutos\" \/>\n<script type=\"application\/ld+json\" class=\"yoast-schema-graph\">{\"@context\":\"https:\\\/\\\/schema.org\",\"@graph\":[{\"@type\":\"Article\",\"@id\":\"https:\\\/\\\/cml-latin.cl\\\/site\\\/mineria-chilena-las-oportunidades-para-el-desarrollo-de-la-mineria\\\/#article\",\"isPartOf\":{\"@id\":\"https:\\\/\\\/cml-latin.cl\\\/site\\\/mineria-chilena-las-oportunidades-para-el-desarrollo-de-la-mineria\\\/\"},\"author\":{\"name\":\"CML\",\"@id\":\"https:\\\/\\\/cml-latin.cl\\\/site\\\/#\\\/schema\\\/person\\\/9a3f07d94d42c0c1b252f59933f29512\"},\"headline\":\"Miner\u00eda Chilena: Las oportunidades para el desarrollo de la miner\u00eda.\",\"datePublished\":\"2023-03-10T20:16:43+00:00\",\"dateModified\":\"2023-03-10T20:17:00+00:00\",\"mainEntityOfPage\":{\"@id\":\"https:\\\/\\\/cml-latin.cl\\\/site\\\/mineria-chilena-las-oportunidades-para-el-desarrollo-de-la-mineria\\\/\"},\"wordCount\":260,\"publisher\":{\"@id\":\"https:\\\/\\\/cml-latin.cl\\\/site\\\/#organization\"},\"image\":{\"@id\":\"https:\\\/\\\/cml-latin.cl\\\/site\\\/mineria-chilena-las-oportunidades-para-el-desarrollo-de-la-mineria\\\/#primaryimage\"},\"thumbnailUrl\":\"https:\\\/\\\/cml-latin.cl\\\/site\\\/wp-content\\\/uploads\\\/2023\\\/03\\\/MINERiA-CHILENA-LAS-OPORTUNIDADES-PARA-EL-DESARROLLO-DE-LA-MINERiA.-.jpg\",\"keywords\":[\"mineria\",\"mineria chilena\"],\"articleSection\":[\"Miner\u00eda\",\"Noticias\"],\"inLanguage\":\"es\"},{\"@type\":\"WebPage\",\"@id\":\"https:\\\/\\\/cml-latin.cl\\\/site\\\/mineria-chilena-las-oportunidades-para-el-desarrollo-de-la-mineria\\\/\",\"url\":\"https:\\\/\\\/cml-latin.cl\\\/site\\\/mineria-chilena-las-oportunidades-para-el-desarrollo-de-la-mineria\\\/\",\"name\":\"Miner\u00eda Chilena: Las oportunidades para el desarrollo de la miner\u00eda. - CML\",\"isPartOf\":{\"@id\":\"https:\\\/\\\/cml-latin.cl\\\/site\\\/#website\"},\"primaryImageOfPage\":{\"@id\":\"https:\\\/\\\/cml-latin.cl\\\/site\\\/mineria-chilena-las-oportunidades-para-el-desarrollo-de-la-mineria\\\/#primaryimage\"},\"image\":{\"@id\":\"https:\\\/\\\/cml-latin.cl\\\/site\\\/mineria-chilena-las-oportunidades-para-el-desarrollo-de-la-mineria\\\/#primaryimage\"},\"thumbnailUrl\":\"https:\\\/\\\/cml-latin.cl\\\/site\\\/wp-content\\\/uploads\\\/2023\\\/03\\\/MINERiA-CHILENA-LAS-OPORTUNIDADES-PARA-EL-DESARROLLO-DE-LA-MINERiA.-.jpg\",\"datePublished\":\"2023-03-10T20:16:43+00:00\",\"dateModified\":\"2023-03-10T20:17:00+00:00\",\"description\":\"Miner\u00eda chilena: Por medio de la \u201cEncuesta de Voces Mineras 2023\u201d se recogi\u00f3 la opini\u00f3n de la organizaci\u00f3n gremial.\",\"breadcrumb\":{\"@id\":\"https:\\\/\\\/cml-latin.cl\\\/site\\\/mineria-chilena-las-oportunidades-para-el-desarrollo-de-la-mineria\\\/#breadcrumb\"},\"inLanguage\":\"es\",\"potentialAction\":[{\"@type\":\"ReadAction\",\"target\":[\"https:\\\/\\\/cml-latin.cl\\\/site\\\/mineria-chilena-las-oportunidades-para-el-desarrollo-de-la-mineria\\\/\"]}]},{\"@type\":\"ImageObject\",\"inLanguage\":\"es\",\"@id\":\"https:\\\/\\\/cml-latin.cl\\\/site\\\/mineria-chilena-las-oportunidades-para-el-desarrollo-de-la-mineria\\\/#primaryimage\",\"url\":\"https:\\\/\\\/cml-latin.cl\\\/site\\\/wp-content\\\/uploads\\\/2023\\\/03\\\/MINERiA-CHILENA-LAS-OPORTUNIDADES-PARA-EL-DESARROLLO-DE-LA-MINERiA.-.jpg\",\"contentUrl\":\"https:\\\/\\\/cml-latin.cl\\\/site\\\/wp-content\\\/uploads\\\/2023\\\/03\\\/MINERiA-CHILENA-LAS-OPORTUNIDADES-PARA-EL-DESARROLLO-DE-LA-MINERiA.-.jpg\",\"width\":900,\"height\":506,\"caption\":\"Miner\u00eda chilena: Las oportunidades para el desarrollo de la miner\u00eda. Por medio de la \u201cEncuesta de Voces Mineras 2023\u201d se recogi\u00f3 la opini\u00f3n de la organizaci\u00f3n gremial.\"},{\"@type\":\"BreadcrumbList\",\"@id\":\"https:\\\/\\\/cml-latin.cl\\\/site\\\/mineria-chilena-las-oportunidades-para-el-desarrollo-de-la-mineria\\\/#breadcrumb\",\"itemListElement\":[{\"@type\":\"ListItem\",\"position\":1,\"name\":\"Portada\",\"item\":\"https:\\\/\\\/cml-latin.cl\\\/site\\\/\"},{\"@type\":\"ListItem\",\"position\":2,\"name\":\"Miner\u00eda Chilena: Las oportunidades para el desarrollo de la miner\u00eda.\"}]},{\"@type\":\"WebSite\",\"@id\":\"https:\\\/\\\/cml-latin.cl\\\/site\\\/#website\",\"url\":\"https:\\\/\\\/cml-latin.cl\\\/site\\\/\",\"name\":\"CML\",\"description\":\"\",\"publisher\":{\"@id\":\"https:\\\/\\\/cml-latin.cl\\\/site\\\/#organization\"},\"potentialAction\":[{\"@type\":\"SearchAction\",\"target\":{\"@type\":\"EntryPoint\",\"urlTemplate\":\"https:\\\/\\\/cml-latin.cl\\\/site\\\/?s={search_term_string}\"},\"query-input\":{\"@type\":\"PropertyValueSpecification\",\"valueRequired\":true,\"valueName\":\"search_term_string\"}}],\"inLanguage\":\"es\"},{\"@type\":\"Organization\",\"@id\":\"https:\\\/\\\/cml-latin.cl\\\/site\\\/#organization\",\"name\":\"CML\",\"url\":\"https:\\\/\\\/cml-latin.cl\\\/site\\\/\",\"logo\":{\"@type\":\"ImageObject\",\"inLanguage\":\"es\",\"@id\":\"https:\\\/\\\/cml-latin.cl\\\/site\\\/#\\\/schema\\\/logo\\\/image\\\/\",\"url\":\"https:\\\/\\\/cml-latin.cl\\\/site\\\/wp-content\\\/uploads\\\/2019\\\/05\\\/cropped-logoOKGG.png\",\"contentUrl\":\"https:\\\/\\\/cml-latin.cl\\\/site\\\/wp-content\\\/uploads\\\/2019\\\/05\\\/cropped-logoOKGG.png\",\"width\":512,\"height\":140,\"caption\":\"CML\"},\"image\":{\"@id\":\"https:\\\/\\\/cml-latin.cl\\\/site\\\/#\\\/schema\\\/logo\\\/image\\\/\"}},{\"@type\":\"Person\",\"@id\":\"https:\\\/\\\/cml-latin.cl\\\/site\\\/#\\\/schema\\\/person\\\/9a3f07d94d42c0c1b252f59933f29512\",\"name\":\"CML\",\"image\":{\"@type\":\"ImageObject\",\"inLanguage\":\"es\",\"@id\":\"https:\\\/\\\/secure.gravatar.com\\\/avatar\\\/03c800bf8e38db45c1a21afffc4f2c292deb29aa639ea1657d3494b4ccba34f6?s=96&d=mm&r=g\",\"url\":\"https:\\\/\\\/secure.gravatar.com\\\/avatar\\\/03c800bf8e38db45c1a21afffc4f2c292deb29aa639ea1657d3494b4ccba34f6?s=96&d=mm&r=g\",\"contentUrl\":\"https:\\\/\\\/secure.gravatar.com\\\/avatar\\\/03c800bf8e38db45c1a21afffc4f2c292deb29aa639ea1657d3494b4ccba34f6?s=96&d=mm&r=g\",\"caption\":\"CML\"},\"url\":\"https:\\\/\\\/cml-latin.cl\\\/site\\\/author\\\/wq000415\\\/\"}]}<\/script>\n<!-- \/ Yoast SEO plugin. -->","yoast_head_json":{"title":"Miner\u00eda Chilena: Las oportunidades para el desarrollo de la miner\u00eda. - CML","description":"Miner\u00eda chilena: Por medio de la \u201cEncuesta de Voces Mineras 2023\u201d se recogi\u00f3 la opini\u00f3n de la organizaci\u00f3n gremial.","robots":{"index":"index","follow":"follow","max-snippet":"max-snippet:-1","max-image-preview":"max-image-preview:large","max-video-preview":"max-video-preview:-1"},"canonical":"https:\/\/cml-latin.cl\/site\/mineria-chilena-las-oportunidades-para-el-desarrollo-de-la-mineria\/","og_locale":"es_ES","og_type":"article","og_title":"Miner\u00eda Chilena: Las oportunidades para el desarrollo de la miner\u00eda. - CML","og_description":"Miner\u00eda chilena: Por medio de la \u201cEncuesta de Voces Mineras 2023\u201d se recogi\u00f3 la opini\u00f3n de la organizaci\u00f3n gremial.","og_url":"https:\/\/cml-latin.cl\/site\/mineria-chilena-las-oportunidades-para-el-desarrollo-de-la-mineria\/","og_site_name":"CML","article_published_time":"2023-03-10T20:16:43+00:00","article_modified_time":"2023-03-10T20:17:00+00:00","og_image":[{"width":900,"height":506,"url":"https:\/\/cml-latin.cl\/site\/wp-content\/uploads\/2023\/03\/MINERiA-CHILENA-LAS-OPORTUNIDADES-PARA-EL-DESARROLLO-DE-LA-MINERiA.-.jpg","type":"image\/jpeg"}],"author":"CML","twitter_card":"summary_large_image","twitter_misc":{"Escrito por":"CML","Tiempo de lectura":"2 minutos"},"schema":{"@context":"https:\/\/schema.org","@graph":[{"@type":"Article","@id":"https:\/\/cml-latin.cl\/site\/mineria-chilena-las-oportunidades-para-el-desarrollo-de-la-mineria\/#article","isPartOf":{"@id":"https:\/\/cml-latin.cl\/site\/mineria-chilena-las-oportunidades-para-el-desarrollo-de-la-mineria\/"},"author":{"name":"CML","@id":"https:\/\/cml-latin.cl\/site\/#\/schema\/person\/9a3f07d94d42c0c1b252f59933f29512"},"headline":"Miner\u00eda Chilena: Las oportunidades para el desarrollo de la miner\u00eda.","datePublished":"2023-03-10T20:16:43+00:00","dateModified":"2023-03-10T20:17:00+00:00","mainEntityOfPage":{"@id":"https:\/\/cml-latin.cl\/site\/mineria-chilena-las-oportunidades-para-el-desarrollo-de-la-mineria\/"},"wordCount":260,"publisher":{"@id":"https:\/\/cml-latin.cl\/site\/#organization"},"image":{"@id":"https:\/\/cml-latin.cl\/site\/mineria-chilena-las-oportunidades-para-el-desarrollo-de-la-mineria\/#primaryimage"},"thumbnailUrl":"https:\/\/cml-latin.cl\/site\/wp-content\/uploads\/2023\/03\/MINERiA-CHILENA-LAS-OPORTUNIDADES-PARA-EL-DESARROLLO-DE-LA-MINERiA.-.jpg","keywords":["mineria","mineria chilena"],"articleSection":["Miner\u00eda","Noticias"],"inLanguage":"es"},{"@type":"WebPage","@id":"https:\/\/cml-latin.cl\/site\/mineria-chilena-las-oportunidades-para-el-desarrollo-de-la-mineria\/","url":"https:\/\/cml-latin.cl\/site\/mineria-chilena-las-oportunidades-para-el-desarrollo-de-la-mineria\/","name":"Miner\u00eda Chilena: Las oportunidades para el desarrollo de la miner\u00eda. - CML","isPartOf":{"@id":"https:\/\/cml-latin.cl\/site\/#website"},"primaryImageOfPage":{"@id":"https:\/\/cml-latin.cl\/site\/mineria-chilena-las-oportunidades-para-el-desarrollo-de-la-mineria\/#primaryimage"},"image":{"@id":"https:\/\/cml-latin.cl\/site\/mineria-chilena-las-oportunidades-para-el-desarrollo-de-la-mineria\/#primaryimage"},"thumbnailUrl":"https:\/\/cml-latin.cl\/site\/wp-content\/uploads\/2023\/03\/MINERiA-CHILENA-LAS-OPORTUNIDADES-PARA-EL-DESARROLLO-DE-LA-MINERiA.-.jpg","datePublished":"2023-03-10T20:16:43+00:00","dateModified":"2023-03-10T20:17:00+00:00","description":"Miner\u00eda chilena: Por medio de la \u201cEncuesta de Voces Mineras 2023\u201d se recogi\u00f3 la opini\u00f3n de la organizaci\u00f3n gremial.","breadcrumb":{"@id":"https:\/\/cml-latin.cl\/site\/mineria-chilena-las-oportunidades-para-el-desarrollo-de-la-mineria\/#breadcrumb"},"inLanguage":"es","potentialAction":[{"@type":"ReadAction","target":["https:\/\/cml-latin.cl\/site\/mineria-chilena-las-oportunidades-para-el-desarrollo-de-la-mineria\/"]}]},{"@type":"ImageObject","inLanguage":"es","@id":"https:\/\/cml-latin.cl\/site\/mineria-chilena-las-oportunidades-para-el-desarrollo-de-la-mineria\/#primaryimage","url":"https:\/\/cml-latin.cl\/site\/wp-content\/uploads\/2023\/03\/MINERiA-CHILENA-LAS-OPORTUNIDADES-PARA-EL-DESARROLLO-DE-LA-MINERiA.-.jpg","contentUrl":"https:\/\/cml-latin.cl\/site\/wp-content\/uploads\/2023\/03\/MINERiA-CHILENA-LAS-OPORTUNIDADES-PARA-EL-DESARROLLO-DE-LA-MINERiA.-.jpg","width":900,"height":506,"caption":"Miner\u00eda chilena: Las oportunidades para el desarrollo de la miner\u00eda. Por medio de la \u201cEncuesta de Voces Mineras 2023\u201d se recogi\u00f3 la opini\u00f3n de la organizaci\u00f3n gremial."},{"@type":"BreadcrumbList","@id":"https:\/\/cml-latin.cl\/site\/mineria-chilena-las-oportunidades-para-el-desarrollo-de-la-mineria\/#breadcrumb","itemListElement":[{"@type":"ListItem","position":1,"name":"Portada","item":"https:\/\/cml-latin.cl\/site\/"},{"@type":"ListItem","position":2,"name":"Miner\u00eda Chilena: Las oportunidades para el desarrollo de la miner\u00eda."}]},{"@type":"WebSite","@id":"https:\/\/cml-latin.cl\/site\/#website","url":"https:\/\/cml-latin.cl\/site\/","name":"CML","description":"","publisher":{"@id":"https:\/\/cml-latin.cl\/site\/#organization"},"potentialAction":[{"@type":"SearchAction","target":{"@type":"EntryPoint","urlTemplate":"https:\/\/cml-latin.cl\/site\/?s={search_term_string}"},"query-input":{"@type":"PropertyValueSpecification","valueRequired":true,"valueName":"search_term_string"}}],"inLanguage":"es"},{"@type":"Organization","@id":"https:\/\/cml-latin.cl\/site\/#organization","name":"CML","url":"https:\/\/cml-latin.cl\/site\/","logo":{"@type":"ImageObject","inLanguage":"es","@id":"https:\/\/cml-latin.cl\/site\/#\/schema\/logo\/image\/","url":"https:\/\/cml-latin.cl\/site\/wp-content\/uploads\/2019\/05\/cropped-logoOKGG.png","contentUrl":"https:\/\/cml-latin.cl\/site\/wp-content\/uploads\/2019\/05\/cropped-logoOKGG.png","width":512,"height":140,"caption":"CML"},"image":{"@id":"https:\/\/cml-latin.cl\/site\/#\/schema\/logo\/image\/"}},{"@type":"Person","@id":"https:\/\/cml-latin.cl\/site\/#\/schema\/person\/9a3f07d94d42c0c1b252f59933f29512","name":"CML","image":{"@type":"ImageObject","inLanguage":"es","@id":"https:\/\/secure.gravatar.com\/avatar\/03c800bf8e38db45c1a21afffc4f2c292deb29aa639ea1657d3494b4ccba34f6?s=96&d=mm&r=g","url":"https:\/\/secure.gravatar.com\/avatar\/03c800bf8e38db45c1a21afffc4f2c292deb29aa639ea1657d3494b4ccba34f6?s=96&d=mm&r=g","contentUrl":"https:\/\/secure.gravatar.com\/avatar\/03c800bf8e38db45c1a21afffc4f2c292deb29aa639ea1657d3494b4ccba34f6?s=96&d=mm&r=g","caption":"CML"},"url":"https:\/\/cml-latin.cl\/site\/author\/wq000415\/"}]}},"_links":{"self":[{"href":"https:\/\/cml-latin.cl\/site\/wp-json\/wp\/v2\/posts\/2975","targetHints":{"allow":["GET"]}}],"collection":[{"href":"https:\/\/cml-latin.cl\/site\/wp-json\/wp\/v2\/posts"}],"about":[{"href":"https:\/\/cml-latin.cl\/site\/wp-json\/wp\/v2\/types\/post"}],"author":[{"embeddable":true,"href":"https:\/\/cml-latin.cl\/site\/wp-json\/wp\/v2\/users\/2"}],"replies":[{"embeddable":true,"href":"https:\/\/cml-latin.cl\/site\/wp-json\/wp\/v2\/comments?post=2975"}],"version-history":[{"count":0,"href":"https:\/\/cml-latin.cl\/site\/wp-json\/wp\/v2\/posts\/2975\/revisions"}],"wp:featuredmedia":[{"embeddable":true,"href":"https:\/\/cml-latin.cl\/site\/wp-json\/wp\/v2\/media\/2976"}],"wp:attachment":[{"href":"https:\/\/cml-latin.cl\/site\/wp-json\/wp\/v2\/media?parent=2975"}],"wp:term":[{"taxonomy":"category","embeddable":true,"href":"https:\/\/cml-latin.cl\/site\/wp-json\/wp\/v2\/categories?post=2975"},{"taxonomy":"post_tag","embeddable":true,"href":"https:\/\/cml-latin.cl\/site\/wp-json\/wp\/v2\/tags?post=2975"}],"curies":[{"name":"wp","href":"https:\/\/api.w.org\/{rel}","templated":true}]}}