{"id":2551,"date":"2023-01-12T10:48:11","date_gmt":"2023-01-12T14:48:11","guid":{"rendered":"http:\/\/cml-latin.cl\/site\/?p=2551"},"modified":"2023-01-12T10:48:12","modified_gmt":"2023-01-12T14:48:12","slug":"agricultura-en-chile-aumentara-la-superficie-cultivable-en-arica-y-parinacota","status":"publish","type":"post","link":"https:\/\/cml-latin.cl\/site\/agricultura-en-chile-aumentara-la-superficie-cultivable-en-arica-y-parinacota\/","title":{"rendered":"Agricultura en Chile: Aumentar\u00e1 la superficie cultivable en Arica y Parinacota"},"content":{"rendered":"<figure id=\"attachment_2552\" aria-describedby=\"caption-attachment-2552\" style=\"width: 900px\" class=\"wp-caption alignnone\"><a href=\"http:\/\/cml-latin.cl\/site\/wp-content\/uploads\/2023\/01\/agricultura-en-chile.jpg\"><img loading=\"lazy\" decoding=\"async\" class=\"size-full wp-image-2552\" src=\"http:\/\/cml-latin.cl\/site\/wp-content\/uploads\/2023\/01\/agricultura-en-chile.jpg\" alt=\"agricultura-en-chile\" width=\"900\" height=\"506\" srcset=\"https:\/\/cml-latin.cl\/site\/wp-content\/uploads\/2023\/01\/agricultura-en-chile.jpg 900w, https:\/\/cml-latin.cl\/site\/wp-content\/uploads\/2023\/01\/agricultura-en-chile-300x169.jpg 300w, https:\/\/cml-latin.cl\/site\/wp-content\/uploads\/2023\/01\/agricultura-en-chile-768x432.jpg 768w, https:\/\/cml-latin.cl\/site\/wp-content\/uploads\/2023\/01\/agricultura-en-chile-528x297.jpg 528w, https:\/\/cml-latin.cl\/site\/wp-content\/uploads\/2023\/01\/agricultura-en-chile-600x337.jpg 600w\" sizes=\"auto, (max-width: 900px) 100vw, 900px\" \/><\/a><figcaption id=\"caption-attachment-2552\" class=\"wp-caption-text\"><span style=\"font-size: 11.5pt; font-family: 'Verdana',sans-serif; color: #222222;\">Agricultura en Chile: INDAP inaugura obras que aseguran el riego y aumentan la superficie cultivable en Arica y Parinacota.<\/span><\/figcaption><\/figure>\n<p><span style=\"font-size: 11.5pt; font-family: 'Verdana',sans-serif; color: #222222;\">A trav\u00e9s de recepci\u00f3n y obras y la inauguraci\u00f3n de nuevos proyectos, INDAP tiene como objetivo asegurar el acceso al agua para regad\u00edo, ampliar la cantidad de hect\u00e1reas cultivables, y contribuir a la soberan\u00eda para la seguridad alimentaria de nuestro pa\u00eds.<\/span><\/p>\n<p><span style=\"font-size: 11.5pt; font-family: 'Verdana',sans-serif; color: #222222;\">Santiago Rojas, Directo de INDAP dijo: \u201cAc\u00e1 hay un potente e impresionante ejemplo de agricultura sostenible para el pa\u00eds, donde confluye la coordinaci\u00f3n entre los distintos organismos gubernamentales, donde INDAP es promotor, y las y los agricultores son los impulsores de la transformaci\u00f3n del campo\u201d.<\/span><\/p>\n<h2>LAS OBRAS QUE APOYAR\u00c1N LA AGRICULTURA EN CHILE<\/h2>\n<p><span style=\"font-size: 11.5pt; font-family: 'Verdana',sans-serif; color: #222222;\">Las obras son tres, todas de distintas naturalezas y tienen todas el mismo objetivo: beneficiar a casi un centenar de peque\u00f1os agricultores y sus familias. Estas son:<\/span><\/p>\n<ol>\n<li><span style=\"font-size: 11.5pt; font-family: 'Verdana',sans-serif; color: #222222;\">Un embalse de acumulaci\u00f3n para la Asociaci\u00f3n de Peque\u00f1os Agricultores de Arica y Parinacota (APAAP).<\/span><\/li>\n<li><span style=\"font-size: 11.5pt; font-family: 'Verdana',sans-serif; color: #222222;\">Un proyecto del Programa de Riego Intrapredial<\/span><\/li>\n<li><span style=\"font-size: 11.5pt; font-family: 'Verdana',sans-serif; color: #222222;\">No una obra, sino un proyecto del Programa de Riego Asociativo (PRA) financiado a trav\u00e9s del Fondo de Emergencia Transitorio (FET 50), que facilitar\u00e1 a un grupo de nueve agricultores continuar con sus plantaciones de verduras y hortalizas como tomate y morr\u00f3n.&nbsp;<\/span><\/li>\n<\/ol>\n<p><span style=\"font-size: 11.5pt; font-family: 'Verdana',sans-serif; color: #222222;\">\u201cEsto nos permite incrementar la producci\u00f3n de estas familias, as\u00ed como asegurar el uso eficiente del agua que es tan escasa en esta regi\u00f3n y donde las agricultoras y agricultores est\u00e1n realizando una labor fant\u00e1stica\u201d a\u00f1ade Rojas.<br><\/span><\/p>\n<p><span style=\"font-size: 11.5pt; font-family: 'Verdana',sans-serif; color: #222222;\">Ubicado en el sector de Pampa Concordia, el embalse es una obra financiada por el Gobierno Regional de Arica y Parinacota, bonificada por la Comisi\u00f3n Nacional de Riego (CNR) e INDAP, que permitir\u00e1 la acumulaci\u00f3n de 49.500 metros c\u00fabicos. Su inversi\u00f3n requiri\u00f3 de $347.196.951, gestionados a trav\u00e9s de un cr\u00e9dito de enlace ($288.173.469), adem\u00e1s de un aporte de APAAP ($59.023.482). Con su implementaci\u00f3n se proyecta que cada asociado asegure, en promedio, el riego de dos hect\u00e1reas aumentando en un tercio el total de superficie cultivable y contribuyendo a la producci\u00f3n de alimentos para la ciudadan\u00eda. Adem\u00e1s, se suman inversiones por m\u00e1s de $65 millones en canalizaci\u00f3n de regad\u00edo y mejoras en el uso eficiente del agua para agricultoras y agricultores del Valle de Azapa.<\/span><\/p>\n<h2>LAS DECLARACIONES&nbsp;<\/h2>\n<p><span style=\"font-size: 11.5pt; font-family: 'Verdana',sans-serif; color: #222222;\">Wilson Ureta, Secretario Ejecutivo de la CNR destac\u00f3: \u201cEste es un proyecto regional ic\u00f3nico, que desde la nada crea vida. Una actividad econ\u00f3mica de producci\u00f3n de alimentos que se realiza en condiciones bastante desmejoradas, pero con esfuerzo y ayuda del Estado, se obtienen resultados como este\u201c.<\/span><\/p>\n<p><span style=\"font-size: 11.5pt; font-family: 'Verdana',sans-serif; color: #222222;\">Jorge D\u00edaz Ibarra, el Gobernador de Arica y Parinacota, resalt\u00f3 el trabajo de la agrupaci\u00f3n, \u201clo que era hace unos a\u00f1os una pampa con minas antipersonales, hoy, estos agricultores formaron una asociaci\u00f3n que les permiti\u00f3 crear y plantar en el desierto. Lo que implic\u00f3 un gran esfuerzo por parte de ellos y que apoyamos con inversi\u00f3n\u201d.<\/span><\/p>\n<h2>APAAP<\/h2>\n<p><span style=\"font-size: 11.5pt; font-family: 'Verdana',sans-serif; color: #222222;\">APAAP Es una asociaci\u00f3n que agrupa a 80 agricultores y sus familias, quienes en 350 hect\u00e1reas en el sector Pampa Concordia, situada a escasos seis kil\u00f3metros de la frontera con Per\u00fa y que hasta hace unas d\u00e9cadas fue un campo minado, hoy sea \u201cla primera pampa fronteriza agr\u00edcola de Chile\u201d, un vergel donde se cultiva una amplia variedad de hortalizas, verduras y frutas tropicales: tomates, tomates cherry, maracuy\u00e1, physalis y papaya formosa.<\/span><\/p>\n<p><span style=\"font-size: 11.5pt; font-family: 'Verdana',sans-serif; color: #222222;\">En este momento desarrollan procesos de innovaci\u00f3n y agregaci\u00f3n de valor, y elaboran \u201csangr\u00edas\u201d: concentrados de jugos naturales con base a frutas tropicales. El presidente de esta asociaci\u00f3n, Juan Carlos C\u00e1rdenas, agradeci\u00f3 el trabajo realizado. \u201cDamos las gracias al GORE Regional, CNR e INDAP. Hoy d\u00eda inauguramos un sue\u00f1o de cuatro a\u00f1os atr\u00e1s\u00bb.<\/span><\/p>\n<p><span style=\"font-size: 11.5pt; font-family: 'Verdana',sans-serif; color: #222222;\">Santiago Rojas destac\u00f3 la importancia de este primer viaje a Arica y Parinacota, donde tambi\u00e9n particip\u00f3 del Gabinete regional del Agro y se reuni\u00f3 con representantes del Consejo Asesor Regional (CAR) y de los Comit\u00e9s Asesores De \u00c1rea (CADA), con j\u00f3venes y mujeres rurales de la regi\u00f3n, con quienes dialogaron sobre los lineamientos institucionales y el trabajo del Gobierno para impulsar la Agricultura Familiar Campesina e Ind\u00edgena en Arica y Parinacota. Tambi\u00e9n, encabez\u00f3 la ceremonia de la primera piedra de un centro cooperativo de compostaje que pretende posicionar a un grupo de productores agr\u00edcolas INDAP de Concordia COOP como referentes regionales y nacionales en la producci\u00f3n de biofertilizantes.<\/span><\/p>\n<p><span style=\"color: #bababa;\">Fuente: <a href=\"https:\/\/www.indap.gob.cl\/noticias\/indap-inaugura-obras-que-aseguran-el-riego-y-aumentan-la-superficie-cultivable-en-arica-y\">Aqu\u00ed<\/a><\/span><\/p>\n\n\n<p><\/p>\n","protected":false},"excerpt":{"rendered":"<p>A trav\u00e9s de recepci\u00f3n y obras y la inauguraci\u00f3n de nuevos proyectos, INDAP tiene como objetivo asegurar el acceso al agua para regad\u00edo, ampliar la cantidad de hect\u00e1reas cultivables, y contribuir a la soberan\u00eda para la seguridad alimentaria de nuestro pa\u00eds. Santiago Rojas, Directo de INDAP dijo: \u201cAc\u00e1 hay un potente e impresionante ejemplo de [&hellip;]<\/p>\n","protected":false},"author":2,"featured_media":0,"comment_status":"closed","ping_status":"open","sticky":false,"template":"","format":"standard","meta":{"footnotes":""},"categories":[81,61],"tags":[71,79],"class_list":{"0":"post-2551","1":"post","2":"type-post","3":"status-publish","4":"format-standard","6":"category-agricultura-en-chile-noticias","7":"category-noticias","8":"tag-agricultura","9":"tag-agricultura-en-chile","10":"czr-hentry"},"yoast_head":"<!-- This site is optimized with the Yoast SEO plugin v27.4 - https:\/\/yoast.com\/product\/yoast-seo-wordpress\/ -->\n<title>Agricultura en Chile: Aumentar\u00e1 la superficie cultivable en Arica y Parinacota - CML<\/title>\n<meta name=\"description\" content=\"Agricultura en Chile: INDAP inaugura obras que aseguran el riego y aumentan la superficie cultivable en Arica y Parinacota.\" \/>\n<meta name=\"robots\" content=\"index, follow, max-snippet:-1, max-image-preview:large, max-video-preview:-1\" \/>\n<link rel=\"canonical\" href=\"https:\/\/cml-latin.cl\/site\/agricultura-en-chile-aumentara-la-superficie-cultivable-en-arica-y-parinacota\/\" \/>\n<meta property=\"og:locale\" content=\"es_ES\" \/>\n<meta property=\"og:type\" content=\"article\" \/>\n<meta property=\"og:title\" content=\"Agricultura en Chile: Aumentar\u00e1 la superficie cultivable en Arica y Parinacota - CML\" \/>\n<meta property=\"og:description\" content=\"Agricultura en Chile: INDAP inaugura obras que aseguran el riego y aumentan la superficie cultivable en Arica y Parinacota.\" \/>\n<meta property=\"og:url\" content=\"https:\/\/cml-latin.cl\/site\/agricultura-en-chile-aumentara-la-superficie-cultivable-en-arica-y-parinacota\/\" \/>\n<meta property=\"og:site_name\" content=\"CML\" \/>\n<meta property=\"article:published_time\" content=\"2023-01-12T14:48:11+00:00\" \/>\n<meta property=\"article:modified_time\" content=\"2023-01-12T14:48:12+00:00\" \/>\n<meta property=\"og:image\" content=\"http:\/\/cml-latin.cl\/site\/wp-content\/uploads\/2023\/01\/agricultura-en-chile.jpg\" \/>\n<meta name=\"author\" content=\"CML\" \/>\n<meta name=\"twitter:card\" content=\"summary_large_image\" \/>\n<meta name=\"twitter:label1\" content=\"Escrito por\" \/>\n\t<meta name=\"twitter:data1\" content=\"CML\" \/>\n\t<meta name=\"twitter:label2\" content=\"Tiempo de lectura\" \/>\n\t<meta name=\"twitter:data2\" content=\"4 minutos\" \/>\n<script type=\"application\/ld+json\" class=\"yoast-schema-graph\">{\"@context\":\"https:\\\/\\\/schema.org\",\"@graph\":[{\"@type\":\"Article\",\"@id\":\"https:\\\/\\\/cml-latin.cl\\\/site\\\/agricultura-en-chile-aumentara-la-superficie-cultivable-en-arica-y-parinacota\\\/#article\",\"isPartOf\":{\"@id\":\"https:\\\/\\\/cml-latin.cl\\\/site\\\/agricultura-en-chile-aumentara-la-superficie-cultivable-en-arica-y-parinacota\\\/\"},\"author\":{\"name\":\"CML\",\"@id\":\"https:\\\/\\\/cml-latin.cl\\\/site\\\/#\\\/schema\\\/person\\\/9a3f07d94d42c0c1b252f59933f29512\"},\"headline\":\"Agricultura en Chile: Aumentar\u00e1 la superficie cultivable en Arica y Parinacota\",\"datePublished\":\"2023-01-12T14:48:11+00:00\",\"dateModified\":\"2023-01-12T14:48:12+00:00\",\"mainEntityOfPage\":{\"@id\":\"https:\\\/\\\/cml-latin.cl\\\/site\\\/agricultura-en-chile-aumentara-la-superficie-cultivable-en-arica-y-parinacota\\\/\"},\"wordCount\":784,\"publisher\":{\"@id\":\"https:\\\/\\\/cml-latin.cl\\\/site\\\/#organization\"},\"image\":{\"@id\":\"https:\\\/\\\/cml-latin.cl\\\/site\\\/agricultura-en-chile-aumentara-la-superficie-cultivable-en-arica-y-parinacota\\\/#primaryimage\"},\"thumbnailUrl\":\"http:\\\/\\\/cml-latin.cl\\\/site\\\/wp-content\\\/uploads\\\/2023\\\/01\\\/agricultura-en-chile.jpg\",\"keywords\":[\"Agricultura\",\"Agricultura en Chile\"],\"articleSection\":[\"Agricultura en Chile\",\"Noticias\"],\"inLanguage\":\"es\"},{\"@type\":\"WebPage\",\"@id\":\"https:\\\/\\\/cml-latin.cl\\\/site\\\/agricultura-en-chile-aumentara-la-superficie-cultivable-en-arica-y-parinacota\\\/\",\"url\":\"https:\\\/\\\/cml-latin.cl\\\/site\\\/agricultura-en-chile-aumentara-la-superficie-cultivable-en-arica-y-parinacota\\\/\",\"name\":\"Agricultura en Chile: Aumentar\u00e1 la superficie cultivable en Arica y Parinacota - CML\",\"isPartOf\":{\"@id\":\"https:\\\/\\\/cml-latin.cl\\\/site\\\/#website\"},\"primaryImageOfPage\":{\"@id\":\"https:\\\/\\\/cml-latin.cl\\\/site\\\/agricultura-en-chile-aumentara-la-superficie-cultivable-en-arica-y-parinacota\\\/#primaryimage\"},\"image\":{\"@id\":\"https:\\\/\\\/cml-latin.cl\\\/site\\\/agricultura-en-chile-aumentara-la-superficie-cultivable-en-arica-y-parinacota\\\/#primaryimage\"},\"thumbnailUrl\":\"http:\\\/\\\/cml-latin.cl\\\/site\\\/wp-content\\\/uploads\\\/2023\\\/01\\\/agricultura-en-chile.jpg\",\"datePublished\":\"2023-01-12T14:48:11+00:00\",\"dateModified\":\"2023-01-12T14:48:12+00:00\",\"description\":\"Agricultura en Chile: INDAP inaugura obras que aseguran el riego y aumentan la superficie cultivable en Arica y Parinacota.\",\"breadcrumb\":{\"@id\":\"https:\\\/\\\/cml-latin.cl\\\/site\\\/agricultura-en-chile-aumentara-la-superficie-cultivable-en-arica-y-parinacota\\\/#breadcrumb\"},\"inLanguage\":\"es\",\"potentialAction\":[{\"@type\":\"ReadAction\",\"target\":[\"https:\\\/\\\/cml-latin.cl\\\/site\\\/agricultura-en-chile-aumentara-la-superficie-cultivable-en-arica-y-parinacota\\\/\"]}]},{\"@type\":\"ImageObject\",\"inLanguage\":\"es\",\"@id\":\"https:\\\/\\\/cml-latin.cl\\\/site\\\/agricultura-en-chile-aumentara-la-superficie-cultivable-en-arica-y-parinacota\\\/#primaryimage\",\"url\":\"https:\\\/\\\/cml-latin.cl\\\/site\\\/wp-content\\\/uploads\\\/2023\\\/01\\\/agricultura-en-chile.jpg\",\"contentUrl\":\"https:\\\/\\\/cml-latin.cl\\\/site\\\/wp-content\\\/uploads\\\/2023\\\/01\\\/agricultura-en-chile.jpg\",\"width\":900,\"height\":506,\"caption\":\"Agricultura en Chile: INDAP inaugura obras que aseguran el riego y aumentan la superficie cultivable en Arica y Parinacota.\"},{\"@type\":\"BreadcrumbList\",\"@id\":\"https:\\\/\\\/cml-latin.cl\\\/site\\\/agricultura-en-chile-aumentara-la-superficie-cultivable-en-arica-y-parinacota\\\/#breadcrumb\",\"itemListElement\":[{\"@type\":\"ListItem\",\"position\":1,\"name\":\"Portada\",\"item\":\"https:\\\/\\\/cml-latin.cl\\\/site\\\/\"},{\"@type\":\"ListItem\",\"position\":2,\"name\":\"Agricultura en Chile: Aumentar\u00e1 la superficie cultivable en Arica y Parinacota\"}]},{\"@type\":\"WebSite\",\"@id\":\"https:\\\/\\\/cml-latin.cl\\\/site\\\/#website\",\"url\":\"https:\\\/\\\/cml-latin.cl\\\/site\\\/\",\"name\":\"CML\",\"description\":\"\",\"publisher\":{\"@id\":\"https:\\\/\\\/cml-latin.cl\\\/site\\\/#organization\"},\"potentialAction\":[{\"@type\":\"SearchAction\",\"target\":{\"@type\":\"EntryPoint\",\"urlTemplate\":\"https:\\\/\\\/cml-latin.cl\\\/site\\\/?s={search_term_string}\"},\"query-input\":{\"@type\":\"PropertyValueSpecification\",\"valueRequired\":true,\"valueName\":\"search_term_string\"}}],\"inLanguage\":\"es\"},{\"@type\":\"Organization\",\"@id\":\"https:\\\/\\\/cml-latin.cl\\\/site\\\/#organization\",\"name\":\"CML\",\"url\":\"https:\\\/\\\/cml-latin.cl\\\/site\\\/\",\"logo\":{\"@type\":\"ImageObject\",\"inLanguage\":\"es\",\"@id\":\"https:\\\/\\\/cml-latin.cl\\\/site\\\/#\\\/schema\\\/logo\\\/image\\\/\",\"url\":\"https:\\\/\\\/cml-latin.cl\\\/site\\\/wp-content\\\/uploads\\\/2019\\\/05\\\/cropped-logoOKGG.png\",\"contentUrl\":\"https:\\\/\\\/cml-latin.cl\\\/site\\\/wp-content\\\/uploads\\\/2019\\\/05\\\/cropped-logoOKGG.png\",\"width\":512,\"height\":140,\"caption\":\"CML\"},\"image\":{\"@id\":\"https:\\\/\\\/cml-latin.cl\\\/site\\\/#\\\/schema\\\/logo\\\/image\\\/\"}},{\"@type\":\"Person\",\"@id\":\"https:\\\/\\\/cml-latin.cl\\\/site\\\/#\\\/schema\\\/person\\\/9a3f07d94d42c0c1b252f59933f29512\",\"name\":\"CML\",\"image\":{\"@type\":\"ImageObject\",\"inLanguage\":\"es\",\"@id\":\"https:\\\/\\\/secure.gravatar.com\\\/avatar\\\/03c800bf8e38db45c1a21afffc4f2c292deb29aa639ea1657d3494b4ccba34f6?s=96&d=mm&r=g\",\"url\":\"https:\\\/\\\/secure.gravatar.com\\\/avatar\\\/03c800bf8e38db45c1a21afffc4f2c292deb29aa639ea1657d3494b4ccba34f6?s=96&d=mm&r=g\",\"contentUrl\":\"https:\\\/\\\/secure.gravatar.com\\\/avatar\\\/03c800bf8e38db45c1a21afffc4f2c292deb29aa639ea1657d3494b4ccba34f6?s=96&d=mm&r=g\",\"caption\":\"CML\"},\"url\":\"https:\\\/\\\/cml-latin.cl\\\/site\\\/author\\\/wq000415\\\/\"}]}<\/script>\n<!-- \/ Yoast SEO plugin. -->","yoast_head_json":{"title":"Agricultura en Chile: Aumentar\u00e1 la superficie cultivable en Arica y Parinacota - CML","description":"Agricultura en Chile: INDAP inaugura obras que aseguran el riego y aumentan la superficie cultivable en Arica y Parinacota.","robots":{"index":"index","follow":"follow","max-snippet":"max-snippet:-1","max-image-preview":"max-image-preview:large","max-video-preview":"max-video-preview:-1"},"canonical":"https:\/\/cml-latin.cl\/site\/agricultura-en-chile-aumentara-la-superficie-cultivable-en-arica-y-parinacota\/","og_locale":"es_ES","og_type":"article","og_title":"Agricultura en Chile: Aumentar\u00e1 la superficie cultivable en Arica y Parinacota - CML","og_description":"Agricultura en Chile: INDAP inaugura obras que aseguran el riego y aumentan la superficie cultivable en Arica y Parinacota.","og_url":"https:\/\/cml-latin.cl\/site\/agricultura-en-chile-aumentara-la-superficie-cultivable-en-arica-y-parinacota\/","og_site_name":"CML","article_published_time":"2023-01-12T14:48:11+00:00","article_modified_time":"2023-01-12T14:48:12+00:00","og_image":[{"url":"http:\/\/cml-latin.cl\/site\/wp-content\/uploads\/2023\/01\/agricultura-en-chile.jpg","type":"","width":"","height":""}],"author":"CML","twitter_card":"summary_large_image","twitter_misc":{"Escrito por":"CML","Tiempo de lectura":"4 minutos"},"schema":{"@context":"https:\/\/schema.org","@graph":[{"@type":"Article","@id":"https:\/\/cml-latin.cl\/site\/agricultura-en-chile-aumentara-la-superficie-cultivable-en-arica-y-parinacota\/#article","isPartOf":{"@id":"https:\/\/cml-latin.cl\/site\/agricultura-en-chile-aumentara-la-superficie-cultivable-en-arica-y-parinacota\/"},"author":{"name":"CML","@id":"https:\/\/cml-latin.cl\/site\/#\/schema\/person\/9a3f07d94d42c0c1b252f59933f29512"},"headline":"Agricultura en Chile: Aumentar\u00e1 la superficie cultivable en Arica y Parinacota","datePublished":"2023-01-12T14:48:11+00:00","dateModified":"2023-01-12T14:48:12+00:00","mainEntityOfPage":{"@id":"https:\/\/cml-latin.cl\/site\/agricultura-en-chile-aumentara-la-superficie-cultivable-en-arica-y-parinacota\/"},"wordCount":784,"publisher":{"@id":"https:\/\/cml-latin.cl\/site\/#organization"},"image":{"@id":"https:\/\/cml-latin.cl\/site\/agricultura-en-chile-aumentara-la-superficie-cultivable-en-arica-y-parinacota\/#primaryimage"},"thumbnailUrl":"http:\/\/cml-latin.cl\/site\/wp-content\/uploads\/2023\/01\/agricultura-en-chile.jpg","keywords":["Agricultura","Agricultura en Chile"],"articleSection":["Agricultura en Chile","Noticias"],"inLanguage":"es"},{"@type":"WebPage","@id":"https:\/\/cml-latin.cl\/site\/agricultura-en-chile-aumentara-la-superficie-cultivable-en-arica-y-parinacota\/","url":"https:\/\/cml-latin.cl\/site\/agricultura-en-chile-aumentara-la-superficie-cultivable-en-arica-y-parinacota\/","name":"Agricultura en Chile: Aumentar\u00e1 la superficie cultivable en Arica y Parinacota - CML","isPartOf":{"@id":"https:\/\/cml-latin.cl\/site\/#website"},"primaryImageOfPage":{"@id":"https:\/\/cml-latin.cl\/site\/agricultura-en-chile-aumentara-la-superficie-cultivable-en-arica-y-parinacota\/#primaryimage"},"image":{"@id":"https:\/\/cml-latin.cl\/site\/agricultura-en-chile-aumentara-la-superficie-cultivable-en-arica-y-parinacota\/#primaryimage"},"thumbnailUrl":"http:\/\/cml-latin.cl\/site\/wp-content\/uploads\/2023\/01\/agricultura-en-chile.jpg","datePublished":"2023-01-12T14:48:11+00:00","dateModified":"2023-01-12T14:48:12+00:00","description":"Agricultura en Chile: INDAP inaugura obras que aseguran el riego y aumentan la superficie cultivable en Arica y Parinacota.","breadcrumb":{"@id":"https:\/\/cml-latin.cl\/site\/agricultura-en-chile-aumentara-la-superficie-cultivable-en-arica-y-parinacota\/#breadcrumb"},"inLanguage":"es","potentialAction":[{"@type":"ReadAction","target":["https:\/\/cml-latin.cl\/site\/agricultura-en-chile-aumentara-la-superficie-cultivable-en-arica-y-parinacota\/"]}]},{"@type":"ImageObject","inLanguage":"es","@id":"https:\/\/cml-latin.cl\/site\/agricultura-en-chile-aumentara-la-superficie-cultivable-en-arica-y-parinacota\/#primaryimage","url":"https:\/\/cml-latin.cl\/site\/wp-content\/uploads\/2023\/01\/agricultura-en-chile.jpg","contentUrl":"https:\/\/cml-latin.cl\/site\/wp-content\/uploads\/2023\/01\/agricultura-en-chile.jpg","width":900,"height":506,"caption":"Agricultura en Chile: INDAP inaugura obras que aseguran el riego y aumentan la superficie cultivable en Arica y Parinacota."},{"@type":"BreadcrumbList","@id":"https:\/\/cml-latin.cl\/site\/agricultura-en-chile-aumentara-la-superficie-cultivable-en-arica-y-parinacota\/#breadcrumb","itemListElement":[{"@type":"ListItem","position":1,"name":"Portada","item":"https:\/\/cml-latin.cl\/site\/"},{"@type":"ListItem","position":2,"name":"Agricultura en Chile: Aumentar\u00e1 la superficie cultivable en Arica y Parinacota"}]},{"@type":"WebSite","@id":"https:\/\/cml-latin.cl\/site\/#website","url":"https:\/\/cml-latin.cl\/site\/","name":"CML","description":"","publisher":{"@id":"https:\/\/cml-latin.cl\/site\/#organization"},"potentialAction":[{"@type":"SearchAction","target":{"@type":"EntryPoint","urlTemplate":"https:\/\/cml-latin.cl\/site\/?s={search_term_string}"},"query-input":{"@type":"PropertyValueSpecification","valueRequired":true,"valueName":"search_term_string"}}],"inLanguage":"es"},{"@type":"Organization","@id":"https:\/\/cml-latin.cl\/site\/#organization","name":"CML","url":"https:\/\/cml-latin.cl\/site\/","logo":{"@type":"ImageObject","inLanguage":"es","@id":"https:\/\/cml-latin.cl\/site\/#\/schema\/logo\/image\/","url":"https:\/\/cml-latin.cl\/site\/wp-content\/uploads\/2019\/05\/cropped-logoOKGG.png","contentUrl":"https:\/\/cml-latin.cl\/site\/wp-content\/uploads\/2019\/05\/cropped-logoOKGG.png","width":512,"height":140,"caption":"CML"},"image":{"@id":"https:\/\/cml-latin.cl\/site\/#\/schema\/logo\/image\/"}},{"@type":"Person","@id":"https:\/\/cml-latin.cl\/site\/#\/schema\/person\/9a3f07d94d42c0c1b252f59933f29512","name":"CML","image":{"@type":"ImageObject","inLanguage":"es","@id":"https:\/\/secure.gravatar.com\/avatar\/03c800bf8e38db45c1a21afffc4f2c292deb29aa639ea1657d3494b4ccba34f6?s=96&d=mm&r=g","url":"https:\/\/secure.gravatar.com\/avatar\/03c800bf8e38db45c1a21afffc4f2c292deb29aa639ea1657d3494b4ccba34f6?s=96&d=mm&r=g","contentUrl":"https:\/\/secure.gravatar.com\/avatar\/03c800bf8e38db45c1a21afffc4f2c292deb29aa639ea1657d3494b4ccba34f6?s=96&d=mm&r=g","caption":"CML"},"url":"https:\/\/cml-latin.cl\/site\/author\/wq000415\/"}]}},"_links":{"self":[{"href":"https:\/\/cml-latin.cl\/site\/wp-json\/wp\/v2\/posts\/2551","targetHints":{"allow":["GET"]}}],"collection":[{"href":"https:\/\/cml-latin.cl\/site\/wp-json\/wp\/v2\/posts"}],"about":[{"href":"https:\/\/cml-latin.cl\/site\/wp-json\/wp\/v2\/types\/post"}],"author":[{"embeddable":true,"href":"https:\/\/cml-latin.cl\/site\/wp-json\/wp\/v2\/users\/2"}],"replies":[{"embeddable":true,"href":"https:\/\/cml-latin.cl\/site\/wp-json\/wp\/v2\/comments?post=2551"}],"version-history":[{"count":0,"href":"https:\/\/cml-latin.cl\/site\/wp-json\/wp\/v2\/posts\/2551\/revisions"}],"wp:attachment":[{"href":"https:\/\/cml-latin.cl\/site\/wp-json\/wp\/v2\/media?parent=2551"}],"wp:term":[{"taxonomy":"category","embeddable":true,"href":"https:\/\/cml-latin.cl\/site\/wp-json\/wp\/v2\/categories?post=2551"},{"taxonomy":"post_tag","embeddable":true,"href":"https:\/\/cml-latin.cl\/site\/wp-json\/wp\/v2\/tags?post=2551"}],"curies":[{"name":"wp","href":"https:\/\/api.w.org\/{rel}","templated":true}]}}