{"id":10350,"date":"2025-02-27T15:20:40","date_gmt":"2025-02-27T19:20:40","guid":{"rendered":"http:\/\/cml-latin.cl\/site\/?p=10350"},"modified":"2025-03-14T09:11:15","modified_gmt":"2025-03-14T13:11:15","slug":"mineria-chilena-el-impacto-del-acuerdo-entre-codelco-y-anglo-american","status":"publish","type":"post","link":"https:\/\/cml-latin.cl\/site\/mineria-chilena-el-impacto-del-acuerdo-entre-codelco-y-anglo-american\/","title":{"rendered":"Mineria Chilena: El Impacto del Acuerdo entre Codelco y Anglo American"},"content":{"rendered":"<p>\u00a0<\/p>\n<p><a href=\"http:\/\/cml-latin.cl\/site\/wp-content\/uploads\/2025\/02\/mineria-chilena-1.webp\"><img loading=\"lazy\" decoding=\"async\" class=\"alignnone size-full wp-image-10354\" src=\"http:\/\/cml-latin.cl\/site\/wp-content\/uploads\/2025\/02\/mineria-chilena-1.webp\" alt=\"\" width=\"900\" height=\"600\" srcset=\"https:\/\/cml-latin.cl\/site\/wp-content\/uploads\/2025\/02\/mineria-chilena-1.webp 900w, https:\/\/cml-latin.cl\/site\/wp-content\/uploads\/2025\/02\/mineria-chilena-1-300x200.webp 300w, https:\/\/cml-latin.cl\/site\/wp-content\/uploads\/2025\/02\/mineria-chilena-1-768x512.webp 768w, https:\/\/cml-latin.cl\/site\/wp-content\/uploads\/2025\/02\/mineria-chilena-1-600x400.webp 600w\" sizes=\"auto, (max-width: 900px) 100vw, 900px\" \/><\/a><\/p>\n<p><span style=\"font-size: 11.5pt; font-family: 'Verdana',sans-serif; color: #222222;\">El reciente acuerdo entre Codelco y Anglo American representa un hito clave para la Mineria Chilena. La alianza busca optimizar la explotaci\u00f3n del distrito minero Andina-Los Bronces, aumentando significativamente la producci\u00f3n de cobre en Chile.<\/span><\/p>\n<h2><span style=\"font-size: 11.5pt; font-family: 'Verdana',sans-serif; color: #222222;\"><strong>Una alianza estrat\u00e9gica para el desarrollo minero<\/strong><\/span><\/h2>\n<p><span style=\"font-size: 11.5pt; font-family: 'Verdana',sans-serif; color: #222222;\">El Memor\u00e1ndum de Entendimiento (MOU) firmado entre ambas compa\u00f1\u00edas permitir\u00e1 la ejecuci\u00f3n de un Plan Minero Conjunto entre los a\u00f1os 2030 y 2051. Este acuerdo se basa en la proximidad de los yacimientos de Andina (propiedad de Codelco) y Los Bronces (perteneciente a Anglo American), los cuales est\u00e1n separados por una m\u00ednima franja de terreno. Seg\u00fan explic\u00f3 M\u00e1ximo Pacheco, presidente del directorio de Codelco, esta colaboraci\u00f3n busca optimizar la extracci\u00f3n de mineral de ambos rajos abiertos mediante una estrategia unificada.<\/span><\/p>\n<p><span style=\"font-size: 11.5pt; font-family: 'Verdana',sans-serif; color: #222222;\">\u201cEsta es una gran noticia para Chile y el mundo minero en general\u201d, declar\u00f3 Pacheco en entrevista con Cooperativa, destacando que el acuerdo permitir\u00e1 incrementar la producci\u00f3n en 120.000 toneladas adicionales de cobre, consolidando al distrito Andina-Los Bronces como el cuarto m\u00e1s grande del mundo y el tercero en Chile.<\/span><\/p>\n<h2><span style=\"font-size: 11.5pt; font-family: 'Verdana',sans-serif; color: #222222;\"><strong>Impacto econ\u00f3mico del acuerdo<\/strong><\/span><\/h2>\n<p><span style=\"font-size: 11.5pt; font-family: 'Verdana',sans-serif; color: #222222;\">El beneficio econ\u00f3mico de esta iniciativa es significativo. Se estima que el aumento en la producci\u00f3n generar\u00e1 un valor econ\u00f3mico de 5.000 millones de d\u00f3lares, consolidando la competitividad de la Mineria Chilena en el mercado global.<\/span><\/p>\n<p><span style=\"font-size: 11.5pt; font-family: 'Verdana',sans-serif; color: #222222;\">Adem\u00e1s, el 75% de este valor quedar\u00e1 en manos del Estado chileno a trav\u00e9s de diversas v\u00edas, como las utilidades de Codelco, el royalty minero y la participaci\u00f3n del 20% de Codelco en Anglo American Sur. Seg\u00fan Pacheco, esta cooperaci\u00f3n entre empresas mineras es clave para una explotaci\u00f3n m\u00e1s eficiente de los recursos disponibles.<\/span><\/p>\n<p><span style=\"font-size: 11.5pt; font-family: 'Verdana',sans-serif; color: #222222;\">\u201cAqu\u00ed lo que se trata es incluso ir a alg\u00fan nivel de desarrollo de las minas que cumpla con est\u00e1ndares que protegen el medio ambiente\u201d, enfatiz\u00f3 Pacheco, subrayando el compromiso con la sustentabilidad y el cumplimiento de las normativas ambientales.<\/span><\/p>\n<h2><span style=\"font-size: 11.5pt; font-family: 'Verdana',sans-serif; color: #222222;\"><strong>El rol de Codelco en el futuro de la Mineria Chilena<\/strong><\/span><\/h2>\n<p><span style=\"font-size: 11.5pt; font-family: 'Verdana',sans-serif; color: #222222;\">El presente y futuro de Codelco han estado marcados por decisiones estrat\u00e9gicas que apuntan a su sostenibilidad y crecimiento. Entre las iniciativas recientes se destacan:<\/span><\/p>\n<ul>\n<li><span style=\"font-size: 11.5pt; font-family: 'Verdana',sans-serif; color: #222222;\">Cierre de la fundici\u00f3n de Ventanas<\/span><\/li>\n<li><span style=\"font-size: 11.5pt; font-family: 'Verdana',sans-serif; color: #222222;\">Construcci\u00f3n de una planta desalinizadora en Tocopilla, con el objetivo de reducir el uso de agua continental en sus operaciones.<\/span><\/li>\n<li><span style=\"font-size: 11.5pt; font-family: 'Verdana',sans-serif; color: #222222;\">Expansi\u00f3n al sector del litio con la compra de una empresa en Australia y acuerdos estrat\u00e9gicos con SQM.<\/span><\/li>\n<li><span style=\"font-size: 11.5pt; font-family: 'Verdana',sans-serif; color: #222222;\">Participaci\u00f3n en el proyecto del Salar de Maricunga y adquisici\u00f3n del 10% de Quebrada Blanca.<\/span><\/li>\n<li><span style=\"font-size: 11.5pt; font-family: 'Verdana',sans-serif; color: #222222;\">Firma de 24 acuerdos colectivos con sindicatos sin conflictos laborales.<\/span><\/li>\n<\/ul>\n<p><span style=\"font-size: 11.5pt; font-family: 'Verdana',sans-serif; color: #222222;\">\u201cNos debemos sentir orgullosos de Codelco\u201d, asegur\u00f3 Pacheco, destacando la importancia de la empresa estatal como referente mundial. Con este tipo de acuerdos y estrategias, Codelco reafirma su liderazgo en la Mineria Chilena, garantizando su crecimiento sostenible y su impacto positivo en la econom\u00eda nacional.<\/span><\/p>\n<p><span style=\"font-size: 11.5pt; font-family: 'Verdana',sans-serif; color: #222222;\">Finalmente, Pacheco concluy\u00f3 que Codelco sigue siendo el \u201cbuque insignia\u201d de la miner\u00eda en Chile, con una reputaci\u00f3n s\u00f3lida a nivel internacional y un compromiso constante con la innovaci\u00f3n y la sostenibilidad en el sector minero.<\/span><\/p>\n<p><span style=\"color: #bababa;\">Fuente:<a style=\"color: #bababa;\" href=\"https:\/\/cooperativa.cl\/noticias\/economia\/sectores-productivos\/mineria\/codelco-el-acuerdo-con-anglo-american-es-una-gran-noticia-para-chile-y\/2025-02-24\/184556.html\"> Aqu\u00ed<\/a><\/span><\/p>\n\n\n<p><\/p>\n","protected":false},"excerpt":{"rendered":"<p>\u00a0 El reciente acuerdo entre Codelco y Anglo American representa un hito clave para la Mineria Chilena. La alianza busca optimizar la explotaci\u00f3n del distrito minero Andina-Los Bronces, aumentando significativamente la producci\u00f3n de cobre en Chile. Una alianza estrat\u00e9gica para el desarrollo minero El Memor\u00e1ndum de Entendimiento (MOU) firmado entre ambas compa\u00f1\u00edas permitir\u00e1 la ejecuci\u00f3n [&hellip;]<\/p>\n","protected":false},"author":2,"featured_media":10354,"comment_status":"closed","ping_status":"closed","sticky":false,"template":"","format":"standard","meta":{"footnotes":""},"categories":[62,61],"tags":[66,74,69],"class_list":{"0":"post-10350","1":"post","2":"type-post","3":"status-publish","4":"format-standard","5":"has-post-thumbnail","7":"category-mineria","8":"category-noticias","9":"tag-mineria","10":"tag-mineria-chilena","11":"tag-mineria-sustentable","12":"czr-hentry"},"yoast_head":"<!-- This site is optimized with the Yoast SEO plugin v27.4 - https:\/\/yoast.com\/product\/yoast-seo-wordpress\/ -->\n<title>Mineria Chilena: El Impacto del Acuerdo entre Codelco y Anglo American - CML<\/title>\n<meta name=\"description\" content=\"La miner\u00eda chilena avanza con iniciativas como la de Codelco, que busca reducir un 25% la intensidad de sus emisiones de carbono.\" \/>\n<meta name=\"robots\" content=\"index, follow, max-snippet:-1, max-image-preview:large, max-video-preview:-1\" \/>\n<link rel=\"canonical\" href=\"https:\/\/cml-latin.cl\/site\/mineria-chilena-el-impacto-del-acuerdo-entre-codelco-y-anglo-american\/\" \/>\n<meta property=\"og:locale\" content=\"es_ES\" \/>\n<meta property=\"og:type\" content=\"article\" \/>\n<meta property=\"og:title\" content=\"Mineria Chilena: El Impacto del Acuerdo entre Codelco y Anglo American - CML\" \/>\n<meta property=\"og:description\" content=\"La miner\u00eda chilena avanza con iniciativas como la de Codelco, que busca reducir un 25% la intensidad de sus emisiones de carbono.\" \/>\n<meta property=\"og:url\" content=\"https:\/\/cml-latin.cl\/site\/mineria-chilena-el-impacto-del-acuerdo-entre-codelco-y-anglo-american\/\" \/>\n<meta property=\"og:site_name\" content=\"CML\" \/>\n<meta property=\"article:published_time\" content=\"2025-02-27T19:20:40+00:00\" \/>\n<meta property=\"article:modified_time\" content=\"2025-03-14T13:11:15+00:00\" \/>\n<meta property=\"og:image\" content=\"https:\/\/cml-latin.cl\/site\/wp-content\/uploads\/2025\/02\/mineria-chilena-1.webp\" \/>\n\t<meta property=\"og:image:width\" content=\"900\" \/>\n\t<meta property=\"og:image:height\" content=\"600\" \/>\n\t<meta property=\"og:image:type\" content=\"image\/webp\" \/>\n<meta name=\"author\" content=\"CML\" \/>\n<meta name=\"twitter:card\" content=\"summary_large_image\" \/>\n<meta name=\"twitter:label1\" content=\"Escrito por\" \/>\n\t<meta name=\"twitter:data1\" content=\"CML\" \/>\n\t<meta name=\"twitter:label2\" content=\"Tiempo de lectura\" \/>\n\t<meta name=\"twitter:data2\" content=\"3 minutos\" \/>\n<script type=\"application\/ld+json\" class=\"yoast-schema-graph\">{\"@context\":\"https:\\\/\\\/schema.org\",\"@graph\":[{\"@type\":\"Article\",\"@id\":\"https:\\\/\\\/cml-latin.cl\\\/site\\\/mineria-chilena-el-impacto-del-acuerdo-entre-codelco-y-anglo-american\\\/#article\",\"isPartOf\":{\"@id\":\"https:\\\/\\\/cml-latin.cl\\\/site\\\/mineria-chilena-el-impacto-del-acuerdo-entre-codelco-y-anglo-american\\\/\"},\"author\":{\"name\":\"CML\",\"@id\":\"https:\\\/\\\/cml-latin.cl\\\/site\\\/#\\\/schema\\\/person\\\/9a3f07d94d42c0c1b252f59933f29512\"},\"headline\":\"Mineria Chilena: El Impacto del Acuerdo entre Codelco y Anglo American\",\"datePublished\":\"2025-02-27T19:20:40+00:00\",\"dateModified\":\"2025-03-14T13:11:15+00:00\",\"mainEntityOfPage\":{\"@id\":\"https:\\\/\\\/cml-latin.cl\\\/site\\\/mineria-chilena-el-impacto-del-acuerdo-entre-codelco-y-anglo-american\\\/\"},\"wordCount\":539,\"publisher\":{\"@id\":\"https:\\\/\\\/cml-latin.cl\\\/site\\\/#organization\"},\"image\":{\"@id\":\"https:\\\/\\\/cml-latin.cl\\\/site\\\/mineria-chilena-el-impacto-del-acuerdo-entre-codelco-y-anglo-american\\\/#primaryimage\"},\"thumbnailUrl\":\"https:\\\/\\\/cml-latin.cl\\\/site\\\/wp-content\\\/uploads\\\/2025\\\/02\\\/mineria-chilena-1.webp\",\"keywords\":[\"mineria\",\"mineria chilena\",\"Mineria sustentable\"],\"articleSection\":[\"Miner\u00eda\",\"Noticias\"],\"inLanguage\":\"es\"},{\"@type\":\"WebPage\",\"@id\":\"https:\\\/\\\/cml-latin.cl\\\/site\\\/mineria-chilena-el-impacto-del-acuerdo-entre-codelco-y-anglo-american\\\/\",\"url\":\"https:\\\/\\\/cml-latin.cl\\\/site\\\/mineria-chilena-el-impacto-del-acuerdo-entre-codelco-y-anglo-american\\\/\",\"name\":\"Mineria Chilena: El Impacto del Acuerdo entre Codelco y Anglo American - CML\",\"isPartOf\":{\"@id\":\"https:\\\/\\\/cml-latin.cl\\\/site\\\/#website\"},\"primaryImageOfPage\":{\"@id\":\"https:\\\/\\\/cml-latin.cl\\\/site\\\/mineria-chilena-el-impacto-del-acuerdo-entre-codelco-y-anglo-american\\\/#primaryimage\"},\"image\":{\"@id\":\"https:\\\/\\\/cml-latin.cl\\\/site\\\/mineria-chilena-el-impacto-del-acuerdo-entre-codelco-y-anglo-american\\\/#primaryimage\"},\"thumbnailUrl\":\"https:\\\/\\\/cml-latin.cl\\\/site\\\/wp-content\\\/uploads\\\/2025\\\/02\\\/mineria-chilena-1.webp\",\"datePublished\":\"2025-02-27T19:20:40+00:00\",\"dateModified\":\"2025-03-14T13:11:15+00:00\",\"description\":\"La miner\u00eda chilena avanza con iniciativas como la de Codelco, que busca reducir un 25% la intensidad de sus emisiones de carbono.\",\"breadcrumb\":{\"@id\":\"https:\\\/\\\/cml-latin.cl\\\/site\\\/mineria-chilena-el-impacto-del-acuerdo-entre-codelco-y-anglo-american\\\/#breadcrumb\"},\"inLanguage\":\"es\",\"potentialAction\":[{\"@type\":\"ReadAction\",\"target\":[\"https:\\\/\\\/cml-latin.cl\\\/site\\\/mineria-chilena-el-impacto-del-acuerdo-entre-codelco-y-anglo-american\\\/\"]}]},{\"@type\":\"ImageObject\",\"inLanguage\":\"es\",\"@id\":\"https:\\\/\\\/cml-latin.cl\\\/site\\\/mineria-chilena-el-impacto-del-acuerdo-entre-codelco-y-anglo-american\\\/#primaryimage\",\"url\":\"https:\\\/\\\/cml-latin.cl\\\/site\\\/wp-content\\\/uploads\\\/2025\\\/02\\\/mineria-chilena-1.webp\",\"contentUrl\":\"https:\\\/\\\/cml-latin.cl\\\/site\\\/wp-content\\\/uploads\\\/2025\\\/02\\\/mineria-chilena-1.webp\",\"width\":900,\"height\":600},{\"@type\":\"BreadcrumbList\",\"@id\":\"https:\\\/\\\/cml-latin.cl\\\/site\\\/mineria-chilena-el-impacto-del-acuerdo-entre-codelco-y-anglo-american\\\/#breadcrumb\",\"itemListElement\":[{\"@type\":\"ListItem\",\"position\":1,\"name\":\"Portada\",\"item\":\"https:\\\/\\\/cml-latin.cl\\\/site\\\/\"},{\"@type\":\"ListItem\",\"position\":2,\"name\":\"Mineria Chilena: El Impacto del Acuerdo entre Codelco y Anglo American\"}]},{\"@type\":\"WebSite\",\"@id\":\"https:\\\/\\\/cml-latin.cl\\\/site\\\/#website\",\"url\":\"https:\\\/\\\/cml-latin.cl\\\/site\\\/\",\"name\":\"CML\",\"description\":\"\",\"publisher\":{\"@id\":\"https:\\\/\\\/cml-latin.cl\\\/site\\\/#organization\"},\"potentialAction\":[{\"@type\":\"SearchAction\",\"target\":{\"@type\":\"EntryPoint\",\"urlTemplate\":\"https:\\\/\\\/cml-latin.cl\\\/site\\\/?s={search_term_string}\"},\"query-input\":{\"@type\":\"PropertyValueSpecification\",\"valueRequired\":true,\"valueName\":\"search_term_string\"}}],\"inLanguage\":\"es\"},{\"@type\":\"Organization\",\"@id\":\"https:\\\/\\\/cml-latin.cl\\\/site\\\/#organization\",\"name\":\"CML\",\"url\":\"https:\\\/\\\/cml-latin.cl\\\/site\\\/\",\"logo\":{\"@type\":\"ImageObject\",\"inLanguage\":\"es\",\"@id\":\"https:\\\/\\\/cml-latin.cl\\\/site\\\/#\\\/schema\\\/logo\\\/image\\\/\",\"url\":\"https:\\\/\\\/cml-latin.cl\\\/site\\\/wp-content\\\/uploads\\\/2019\\\/05\\\/cropped-logoOKGG.png\",\"contentUrl\":\"https:\\\/\\\/cml-latin.cl\\\/site\\\/wp-content\\\/uploads\\\/2019\\\/05\\\/cropped-logoOKGG.png\",\"width\":512,\"height\":140,\"caption\":\"CML\"},\"image\":{\"@id\":\"https:\\\/\\\/cml-latin.cl\\\/site\\\/#\\\/schema\\\/logo\\\/image\\\/\"}},{\"@type\":\"Person\",\"@id\":\"https:\\\/\\\/cml-latin.cl\\\/site\\\/#\\\/schema\\\/person\\\/9a3f07d94d42c0c1b252f59933f29512\",\"name\":\"CML\",\"image\":{\"@type\":\"ImageObject\",\"inLanguage\":\"es\",\"@id\":\"https:\\\/\\\/secure.gravatar.com\\\/avatar\\\/03c800bf8e38db45c1a21afffc4f2c292deb29aa639ea1657d3494b4ccba34f6?s=96&d=mm&r=g\",\"url\":\"https:\\\/\\\/secure.gravatar.com\\\/avatar\\\/03c800bf8e38db45c1a21afffc4f2c292deb29aa639ea1657d3494b4ccba34f6?s=96&d=mm&r=g\",\"contentUrl\":\"https:\\\/\\\/secure.gravatar.com\\\/avatar\\\/03c800bf8e38db45c1a21afffc4f2c292deb29aa639ea1657d3494b4ccba34f6?s=96&d=mm&r=g\",\"caption\":\"CML\"},\"url\":\"https:\\\/\\\/cml-latin.cl\\\/site\\\/author\\\/wq000415\\\/\"}]}<\/script>\n<!-- \/ Yoast SEO plugin. -->","yoast_head_json":{"title":"Mineria Chilena: El Impacto del Acuerdo entre Codelco y Anglo American - CML","description":"La miner\u00eda chilena avanza con iniciativas como la de Codelco, que busca reducir un 25% la intensidad de sus emisiones de carbono.","robots":{"index":"index","follow":"follow","max-snippet":"max-snippet:-1","max-image-preview":"max-image-preview:large","max-video-preview":"max-video-preview:-1"},"canonical":"https:\/\/cml-latin.cl\/site\/mineria-chilena-el-impacto-del-acuerdo-entre-codelco-y-anglo-american\/","og_locale":"es_ES","og_type":"article","og_title":"Mineria Chilena: El Impacto del Acuerdo entre Codelco y Anglo American - CML","og_description":"La miner\u00eda chilena avanza con iniciativas como la de Codelco, que busca reducir un 25% la intensidad de sus emisiones de carbono.","og_url":"https:\/\/cml-latin.cl\/site\/mineria-chilena-el-impacto-del-acuerdo-entre-codelco-y-anglo-american\/","og_site_name":"CML","article_published_time":"2025-02-27T19:20:40+00:00","article_modified_time":"2025-03-14T13:11:15+00:00","og_image":[{"width":900,"height":600,"url":"https:\/\/cml-latin.cl\/site\/wp-content\/uploads\/2025\/02\/mineria-chilena-1.webp","type":"image\/webp"}],"author":"CML","twitter_card":"summary_large_image","twitter_misc":{"Escrito por":"CML","Tiempo de lectura":"3 minutos"},"schema":{"@context":"https:\/\/schema.org","@graph":[{"@type":"Article","@id":"https:\/\/cml-latin.cl\/site\/mineria-chilena-el-impacto-del-acuerdo-entre-codelco-y-anglo-american\/#article","isPartOf":{"@id":"https:\/\/cml-latin.cl\/site\/mineria-chilena-el-impacto-del-acuerdo-entre-codelco-y-anglo-american\/"},"author":{"name":"CML","@id":"https:\/\/cml-latin.cl\/site\/#\/schema\/person\/9a3f07d94d42c0c1b252f59933f29512"},"headline":"Mineria Chilena: El Impacto del Acuerdo entre Codelco y Anglo American","datePublished":"2025-02-27T19:20:40+00:00","dateModified":"2025-03-14T13:11:15+00:00","mainEntityOfPage":{"@id":"https:\/\/cml-latin.cl\/site\/mineria-chilena-el-impacto-del-acuerdo-entre-codelco-y-anglo-american\/"},"wordCount":539,"publisher":{"@id":"https:\/\/cml-latin.cl\/site\/#organization"},"image":{"@id":"https:\/\/cml-latin.cl\/site\/mineria-chilena-el-impacto-del-acuerdo-entre-codelco-y-anglo-american\/#primaryimage"},"thumbnailUrl":"https:\/\/cml-latin.cl\/site\/wp-content\/uploads\/2025\/02\/mineria-chilena-1.webp","keywords":["mineria","mineria chilena","Mineria sustentable"],"articleSection":["Miner\u00eda","Noticias"],"inLanguage":"es"},{"@type":"WebPage","@id":"https:\/\/cml-latin.cl\/site\/mineria-chilena-el-impacto-del-acuerdo-entre-codelco-y-anglo-american\/","url":"https:\/\/cml-latin.cl\/site\/mineria-chilena-el-impacto-del-acuerdo-entre-codelco-y-anglo-american\/","name":"Mineria Chilena: El Impacto del Acuerdo entre Codelco y Anglo American - CML","isPartOf":{"@id":"https:\/\/cml-latin.cl\/site\/#website"},"primaryImageOfPage":{"@id":"https:\/\/cml-latin.cl\/site\/mineria-chilena-el-impacto-del-acuerdo-entre-codelco-y-anglo-american\/#primaryimage"},"image":{"@id":"https:\/\/cml-latin.cl\/site\/mineria-chilena-el-impacto-del-acuerdo-entre-codelco-y-anglo-american\/#primaryimage"},"thumbnailUrl":"https:\/\/cml-latin.cl\/site\/wp-content\/uploads\/2025\/02\/mineria-chilena-1.webp","datePublished":"2025-02-27T19:20:40+00:00","dateModified":"2025-03-14T13:11:15+00:00","description":"La miner\u00eda chilena avanza con iniciativas como la de Codelco, que busca reducir un 25% la intensidad de sus emisiones de carbono.","breadcrumb":{"@id":"https:\/\/cml-latin.cl\/site\/mineria-chilena-el-impacto-del-acuerdo-entre-codelco-y-anglo-american\/#breadcrumb"},"inLanguage":"es","potentialAction":[{"@type":"ReadAction","target":["https:\/\/cml-latin.cl\/site\/mineria-chilena-el-impacto-del-acuerdo-entre-codelco-y-anglo-american\/"]}]},{"@type":"ImageObject","inLanguage":"es","@id":"https:\/\/cml-latin.cl\/site\/mineria-chilena-el-impacto-del-acuerdo-entre-codelco-y-anglo-american\/#primaryimage","url":"https:\/\/cml-latin.cl\/site\/wp-content\/uploads\/2025\/02\/mineria-chilena-1.webp","contentUrl":"https:\/\/cml-latin.cl\/site\/wp-content\/uploads\/2025\/02\/mineria-chilena-1.webp","width":900,"height":600},{"@type":"BreadcrumbList","@id":"https:\/\/cml-latin.cl\/site\/mineria-chilena-el-impacto-del-acuerdo-entre-codelco-y-anglo-american\/#breadcrumb","itemListElement":[{"@type":"ListItem","position":1,"name":"Portada","item":"https:\/\/cml-latin.cl\/site\/"},{"@type":"ListItem","position":2,"name":"Mineria Chilena: El Impacto del Acuerdo entre Codelco y Anglo American"}]},{"@type":"WebSite","@id":"https:\/\/cml-latin.cl\/site\/#website","url":"https:\/\/cml-latin.cl\/site\/","name":"CML","description":"","publisher":{"@id":"https:\/\/cml-latin.cl\/site\/#organization"},"potentialAction":[{"@type":"SearchAction","target":{"@type":"EntryPoint","urlTemplate":"https:\/\/cml-latin.cl\/site\/?s={search_term_string}"},"query-input":{"@type":"PropertyValueSpecification","valueRequired":true,"valueName":"search_term_string"}}],"inLanguage":"es"},{"@type":"Organization","@id":"https:\/\/cml-latin.cl\/site\/#organization","name":"CML","url":"https:\/\/cml-latin.cl\/site\/","logo":{"@type":"ImageObject","inLanguage":"es","@id":"https:\/\/cml-latin.cl\/site\/#\/schema\/logo\/image\/","url":"https:\/\/cml-latin.cl\/site\/wp-content\/uploads\/2019\/05\/cropped-logoOKGG.png","contentUrl":"https:\/\/cml-latin.cl\/site\/wp-content\/uploads\/2019\/05\/cropped-logoOKGG.png","width":512,"height":140,"caption":"CML"},"image":{"@id":"https:\/\/cml-latin.cl\/site\/#\/schema\/logo\/image\/"}},{"@type":"Person","@id":"https:\/\/cml-latin.cl\/site\/#\/schema\/person\/9a3f07d94d42c0c1b252f59933f29512","name":"CML","image":{"@type":"ImageObject","inLanguage":"es","@id":"https:\/\/secure.gravatar.com\/avatar\/03c800bf8e38db45c1a21afffc4f2c292deb29aa639ea1657d3494b4ccba34f6?s=96&d=mm&r=g","url":"https:\/\/secure.gravatar.com\/avatar\/03c800bf8e38db45c1a21afffc4f2c292deb29aa639ea1657d3494b4ccba34f6?s=96&d=mm&r=g","contentUrl":"https:\/\/secure.gravatar.com\/avatar\/03c800bf8e38db45c1a21afffc4f2c292deb29aa639ea1657d3494b4ccba34f6?s=96&d=mm&r=g","caption":"CML"},"url":"https:\/\/cml-latin.cl\/site\/author\/wq000415\/"}]}},"_links":{"self":[{"href":"https:\/\/cml-latin.cl\/site\/wp-json\/wp\/v2\/posts\/10350","targetHints":{"allow":["GET"]}}],"collection":[{"href":"https:\/\/cml-latin.cl\/site\/wp-json\/wp\/v2\/posts"}],"about":[{"href":"https:\/\/cml-latin.cl\/site\/wp-json\/wp\/v2\/types\/post"}],"author":[{"embeddable":true,"href":"https:\/\/cml-latin.cl\/site\/wp-json\/wp\/v2\/users\/2"}],"replies":[{"embeddable":true,"href":"https:\/\/cml-latin.cl\/site\/wp-json\/wp\/v2\/comments?post=10350"}],"version-history":[{"count":0,"href":"https:\/\/cml-latin.cl\/site\/wp-json\/wp\/v2\/posts\/10350\/revisions"}],"wp:featuredmedia":[{"embeddable":true,"href":"https:\/\/cml-latin.cl\/site\/wp-json\/wp\/v2\/media\/10354"}],"wp:attachment":[{"href":"https:\/\/cml-latin.cl\/site\/wp-json\/wp\/v2\/media?parent=10350"}],"wp:term":[{"taxonomy":"category","embeddable":true,"href":"https:\/\/cml-latin.cl\/site\/wp-json\/wp\/v2\/categories?post=10350"},{"taxonomy":"post_tag","embeddable":true,"href":"https:\/\/cml-latin.cl\/site\/wp-json\/wp\/v2\/tags?post=10350"}],"curies":[{"name":"wp","href":"https:\/\/api.w.org\/{rel}","templated":true}]}}