{"id":10212,"date":"2025-01-30T11:30:48","date_gmt":"2025-01-30T15:30:48","guid":{"rendered":"http:\/\/cml-latin.cl\/site\/?p=10212"},"modified":"2025-02-03T11:31:30","modified_gmt":"2025-02-03T15:31:30","slug":"mineria-chilena-codelco-impulsa-la-sostenibilidad-reduccion-de-emisiones-de-carbono5","status":"publish","type":"post","link":"https:\/\/cml-latin.cl\/site\/mineria-chilena-codelco-impulsa-la-sostenibilidad-reduccion-de-emisiones-de-carbono5\/","title":{"rendered":"Miner\u00eda Chilena: Codelco impulsa la sostenibilidad reducci\u00f3n de emisiones de carbono5"},"content":{"rendered":"<p><a href=\"http:\/\/cml-latin.cl\/site\/wp-content\/uploads\/2025\/02\/mineria-chilena-feb.webp\"><img loading=\"lazy\" decoding=\"async\" class=\"alignnone wp-image-10215 size-full\" src=\"http:\/\/cml-latin.cl\/site\/wp-content\/uploads\/2025\/02\/mineria-chilena-feb.webp\" alt=\"miner\u00eda chilena\" width=\"900\" height=\"600\" srcset=\"https:\/\/cml-latin.cl\/site\/wp-content\/uploads\/2025\/02\/mineria-chilena-feb.webp 900w, https:\/\/cml-latin.cl\/site\/wp-content\/uploads\/2025\/02\/mineria-chilena-feb-300x200.webp 300w, https:\/\/cml-latin.cl\/site\/wp-content\/uploads\/2025\/02\/mineria-chilena-feb-768x512.webp 768w, https:\/\/cml-latin.cl\/site\/wp-content\/uploads\/2025\/02\/mineria-chilena-feb-600x400.webp 600w\" sizes=\"auto, (max-width: 900px) 100vw, 900px\" \/><\/a><\/p>\n<p><span style=\"font-size: 11.5pt; font-family: 'Verdana',sans-serif; color: #222222;\">La miner\u00eda chilena avanza hacia un futuro m\u00e1s sostenible con iniciativas como la de Codelco, que busca reducir un 25% la intensidad de sus emisiones de carbono de alcance 3 para el a\u00f1o 2030. Adem\u00e1s, la electrificaci\u00f3n total de su flota de transporte de personal para 2040 refuerza su compromiso con la mitigaci\u00f3n del cambio clim\u00e1tico.<\/span><\/p>\n<h2><span style=\"font-size: 11.5pt; font-family: 'Verdana',sans-serif; color: #222222;\"><strong>Reducci\u00f3n de emisiones en la cadena de valor<\/strong><\/span><\/h2>\n<p><span style=\"font-size: 11.5pt; font-family: 'Verdana',sans-serif; color: #222222;\">El enfoque de Codelco en la miner\u00eda chilena considera no solo sus operaciones directas, sino tambi\u00e9n las emisiones generadas en su cadena de valor. El alcance 3 representa m\u00e1s del 60% de las emisiones de la empresa e incluye aquellas generadas antes de que los insumos lleguen a la operaci\u00f3n minera, as\u00ed como las producidas cuando los productos son vendidos y procesados por los clientes.<\/span><\/p>\n<p><span style=\"font-size: 11.5pt; font-family: 'Verdana',sans-serif; color: #222222;\">Para abordar este desaf\u00edo, la empresa trabaja en estrecha colaboraci\u00f3n con sus proveedores. Un ejemplo concreto es la creaci\u00f3n de una calculadora de emisiones dise\u00f1ada para la miner\u00eda chilena, herramienta de acceso p\u00fablico que permite cuantificar las emisiones en la cadena de suministro. Adem\u00e1s, la empresa implementa herramientas alineadas con el GHG Protocol y las categor\u00edas del Consejo Internacional en Miner\u00eda y Metales (ICMM) para mejorar la trazabilidad de las emisiones.<\/span><\/p>\n<p><span style=\"font-size: 11.5pt; font-family: 'Verdana',sans-serif; color: #222222;\">En esta l\u00ednea, la miner\u00eda chilena tambi\u00e9n se beneficia de innovaciones como el acuerdo entre Codelco y Enaex para el uso de explosivos con nitrato de amonio blue, reduciendo en un 40% la huella de carbono en su manufactura, lo que posiciona a la Divisi\u00f3n Radomiro Tomic como pionera en la industria.<\/span><\/p>\n<h2><span style=\"font-size: 11.5pt; font-family: 'Verdana',sans-serif; color: #222222;\"><strong>Impulso a la electromovilidad en miner\u00eda chilena<\/strong><\/span><\/h2>\n<p><span style=\"font-size: 11.5pt; font-family: 'Verdana',sans-serif; color: #222222;\">Otro pilar clave en la estrategia de sostenibilidad de Codelco es la transici\u00f3n hacia flotas de transporte el\u00e9ctricas. Para 2030, se espera que el 40% de la flota de transporte de trabajadores sea el\u00e9ctrica, alcanzando el 100% en 2040. En 2024, la Divisi\u00f3n Salvador complet\u00f3 la conversi\u00f3n total de su flota a buses el\u00e9ctricos, mientras que Radomiro Tomic incorpor\u00f3 65 nuevos equipos, sumando un total de 250 buses el\u00e9ctricos en operaci\u00f3n.<\/span><\/p>\n<p><span style=\"font-size: 11.5pt; font-family: 'Verdana',sans-serif; color: #222222;\">La miner\u00eda chilena tambi\u00e9n enfrenta desaf\u00edos en el transporte mar\u00edtimo, por lo que Codelco ha establecido objetivos para la reducci\u00f3n de emisiones en esta \u00e1rea. La vigilancia tecnol\u00f3gica y el an\u00e1lisis de combustibles alternativos forman parte de su estrategia para optimizar la log\u00edstica y disminuir la huella de carbono en el transporte de sus productos.<\/span><\/p>\n<h2><span style=\"font-size: 11.5pt; font-family: 'Verdana',sans-serif; color: #222222;\"><strong>Contribuci\u00f3n al desarrollo sustentable<\/strong><\/span><\/h2>\n<p><span style=\"font-size: 11.5pt; font-family: 'Verdana',sans-serif; color: #222222;\">El compromiso de Codelco con la miner\u00eda chilena sustentable reafirma su rol como actor clave en la transici\u00f3n hacia una industria con menor impacto ambiental. A trav\u00e9s de la reducci\u00f3n de emisiones en su cadena de valor y la adopci\u00f3n de tecnolog\u00edas limpias, la empresa lidera la transformaci\u00f3n del sector y sienta un precedente para la miner\u00eda global.<\/span><\/p>\n<p><span style=\"color: #bababa;\">Fuente:<a style=\"color: #bababa;\" href=\"https:\/\/www.induambiente.com\/codelco-fija-meta-de-reduccion-de-las-emisiones-de-carbono-asociadas-a-su-cadena-de-valor\"> Aqu\u00ed<\/a><\/span><\/p>\n\n\n<p><\/p>\n","protected":false},"excerpt":{"rendered":"<p>La miner\u00eda chilena avanza hacia un futuro m\u00e1s sostenible con iniciativas como la de Codelco, que busca reducir un 25% la intensidad de sus emisiones de carbono de alcance 3 para el a\u00f1o 2030. Adem\u00e1s, la electrificaci\u00f3n total de su flota de transporte de personal para 2040 refuerza su compromiso con la mitigaci\u00f3n del cambio [&hellip;]<\/p>\n","protected":false},"author":2,"featured_media":10215,"comment_status":"closed","ping_status":"closed","sticky":false,"template":"","format":"standard","meta":{"footnotes":""},"categories":[62,61],"tags":[66,74,69],"class_list":{"0":"post-10212","1":"post","2":"type-post","3":"status-publish","4":"format-standard","5":"has-post-thumbnail","7":"category-mineria","8":"category-noticias","9":"tag-mineria","10":"tag-mineria-chilena","11":"tag-mineria-sustentable","12":"czr-hentry"},"yoast_head":"<!-- This site is optimized with the Yoast SEO plugin v27.5 - https:\/\/yoast.com\/product\/yoast-seo-wordpress\/ -->\n<title>Miner\u00eda Chilena: Codelco impulsa la sostenibilidad reducci\u00f3n de emisiones de carbono5 - CML<\/title>\n<meta name=\"description\" content=\"La miner\u00eda chilena avanza con iniciativas como la de Codelco, que busca reducir un 25% la intensidad de sus emisiones de carbono.\" \/>\n<meta name=\"robots\" content=\"index, follow, max-snippet:-1, max-image-preview:large, max-video-preview:-1\" \/>\n<link rel=\"canonical\" href=\"https:\/\/cml-latin.cl\/site\/mineria-chilena-codelco-impulsa-la-sostenibilidad-reduccion-de-emisiones-de-carbono5\/\" \/>\n<meta property=\"og:locale\" content=\"es_ES\" \/>\n<meta property=\"og:type\" content=\"article\" \/>\n<meta property=\"og:title\" content=\"Miner\u00eda Chilena: Codelco impulsa la sostenibilidad reducci\u00f3n de emisiones de carbono5 - CML\" \/>\n<meta property=\"og:description\" content=\"La miner\u00eda chilena avanza con iniciativas como la de Codelco, que busca reducir un 25% la intensidad de sus emisiones de carbono.\" \/>\n<meta property=\"og:url\" content=\"https:\/\/cml-latin.cl\/site\/mineria-chilena-codelco-impulsa-la-sostenibilidad-reduccion-de-emisiones-de-carbono5\/\" \/>\n<meta property=\"og:site_name\" content=\"CML\" \/>\n<meta property=\"article:published_time\" content=\"2025-01-30T15:30:48+00:00\" \/>\n<meta property=\"article:modified_time\" content=\"2025-02-03T15:31:30+00:00\" \/>\n<meta property=\"og:image\" content=\"https:\/\/cml-latin.cl\/site\/wp-content\/uploads\/2025\/02\/mineria-chilena-feb.webp\" \/>\n\t<meta property=\"og:image:width\" content=\"900\" \/>\n\t<meta property=\"og:image:height\" content=\"600\" \/>\n\t<meta property=\"og:image:type\" content=\"image\/webp\" \/>\n<meta name=\"author\" content=\"CML\" \/>\n<meta name=\"twitter:card\" content=\"summary_large_image\" \/>\n<meta name=\"twitter:label1\" content=\"Escrito por\" \/>\n\t<meta name=\"twitter:data1\" content=\"CML\" \/>\n\t<meta name=\"twitter:label2\" content=\"Tiempo de lectura\" \/>\n\t<meta name=\"twitter:data2\" content=\"3 minutos\" \/>\n<script type=\"application\/ld+json\" class=\"yoast-schema-graph\">{\"@context\":\"https:\\\/\\\/schema.org\",\"@graph\":[{\"@type\":\"Article\",\"@id\":\"https:\\\/\\\/cml-latin.cl\\\/site\\\/mineria-chilena-codelco-impulsa-la-sostenibilidad-reduccion-de-emisiones-de-carbono5\\\/#article\",\"isPartOf\":{\"@id\":\"https:\\\/\\\/cml-latin.cl\\\/site\\\/mineria-chilena-codelco-impulsa-la-sostenibilidad-reduccion-de-emisiones-de-carbono5\\\/\"},\"author\":{\"name\":\"CML\",\"@id\":\"https:\\\/\\\/cml-latin.cl\\\/site\\\/#\\\/schema\\\/person\\\/9a3f07d94d42c0c1b252f59933f29512\"},\"headline\":\"Miner\u00eda Chilena: Codelco impulsa la sostenibilidad reducci\u00f3n de emisiones de carbono5\",\"datePublished\":\"2025-01-30T15:30:48+00:00\",\"dateModified\":\"2025-02-03T15:31:30+00:00\",\"mainEntityOfPage\":{\"@id\":\"https:\\\/\\\/cml-latin.cl\\\/site\\\/mineria-chilena-codelco-impulsa-la-sostenibilidad-reduccion-de-emisiones-de-carbono5\\\/\"},\"wordCount\":499,\"publisher\":{\"@id\":\"https:\\\/\\\/cml-latin.cl\\\/site\\\/#organization\"},\"image\":{\"@id\":\"https:\\\/\\\/cml-latin.cl\\\/site\\\/mineria-chilena-codelco-impulsa-la-sostenibilidad-reduccion-de-emisiones-de-carbono5\\\/#primaryimage\"},\"thumbnailUrl\":\"https:\\\/\\\/cml-latin.cl\\\/site\\\/wp-content\\\/uploads\\\/2025\\\/02\\\/mineria-chilena-feb.webp\",\"keywords\":[\"mineria\",\"mineria chilena\",\"Mineria sustentable\"],\"articleSection\":[\"Miner\u00eda\",\"Noticias\"],\"inLanguage\":\"es\"},{\"@type\":\"WebPage\",\"@id\":\"https:\\\/\\\/cml-latin.cl\\\/site\\\/mineria-chilena-codelco-impulsa-la-sostenibilidad-reduccion-de-emisiones-de-carbono5\\\/\",\"url\":\"https:\\\/\\\/cml-latin.cl\\\/site\\\/mineria-chilena-codelco-impulsa-la-sostenibilidad-reduccion-de-emisiones-de-carbono5\\\/\",\"name\":\"Miner\u00eda Chilena: Codelco impulsa la sostenibilidad reducci\u00f3n de emisiones de carbono5 - CML\",\"isPartOf\":{\"@id\":\"https:\\\/\\\/cml-latin.cl\\\/site\\\/#website\"},\"primaryImageOfPage\":{\"@id\":\"https:\\\/\\\/cml-latin.cl\\\/site\\\/mineria-chilena-codelco-impulsa-la-sostenibilidad-reduccion-de-emisiones-de-carbono5\\\/#primaryimage\"},\"image\":{\"@id\":\"https:\\\/\\\/cml-latin.cl\\\/site\\\/mineria-chilena-codelco-impulsa-la-sostenibilidad-reduccion-de-emisiones-de-carbono5\\\/#primaryimage\"},\"thumbnailUrl\":\"https:\\\/\\\/cml-latin.cl\\\/site\\\/wp-content\\\/uploads\\\/2025\\\/02\\\/mineria-chilena-feb.webp\",\"datePublished\":\"2025-01-30T15:30:48+00:00\",\"dateModified\":\"2025-02-03T15:31:30+00:00\",\"description\":\"La miner\u00eda chilena avanza con iniciativas como la de Codelco, que busca reducir un 25% la intensidad de sus emisiones de carbono.\",\"breadcrumb\":{\"@id\":\"https:\\\/\\\/cml-latin.cl\\\/site\\\/mineria-chilena-codelco-impulsa-la-sostenibilidad-reduccion-de-emisiones-de-carbono5\\\/#breadcrumb\"},\"inLanguage\":\"es\",\"potentialAction\":[{\"@type\":\"ReadAction\",\"target\":[\"https:\\\/\\\/cml-latin.cl\\\/site\\\/mineria-chilena-codelco-impulsa-la-sostenibilidad-reduccion-de-emisiones-de-carbono5\\\/\"]}]},{\"@type\":\"ImageObject\",\"inLanguage\":\"es\",\"@id\":\"https:\\\/\\\/cml-latin.cl\\\/site\\\/mineria-chilena-codelco-impulsa-la-sostenibilidad-reduccion-de-emisiones-de-carbono5\\\/#primaryimage\",\"url\":\"https:\\\/\\\/cml-latin.cl\\\/site\\\/wp-content\\\/uploads\\\/2025\\\/02\\\/mineria-chilena-feb.webp\",\"contentUrl\":\"https:\\\/\\\/cml-latin.cl\\\/site\\\/wp-content\\\/uploads\\\/2025\\\/02\\\/mineria-chilena-feb.webp\",\"width\":900,\"height\":600,\"caption\":\"miner\u00eda chilena\"},{\"@type\":\"BreadcrumbList\",\"@id\":\"https:\\\/\\\/cml-latin.cl\\\/site\\\/mineria-chilena-codelco-impulsa-la-sostenibilidad-reduccion-de-emisiones-de-carbono5\\\/#breadcrumb\",\"itemListElement\":[{\"@type\":\"ListItem\",\"position\":1,\"name\":\"Portada\",\"item\":\"https:\\\/\\\/cml-latin.cl\\\/site\\\/\"},{\"@type\":\"ListItem\",\"position\":2,\"name\":\"Miner\u00eda Chilena: Codelco impulsa la sostenibilidad reducci\u00f3n de emisiones de carbono5\"}]},{\"@type\":\"WebSite\",\"@id\":\"https:\\\/\\\/cml-latin.cl\\\/site\\\/#website\",\"url\":\"https:\\\/\\\/cml-latin.cl\\\/site\\\/\",\"name\":\"CML\",\"description\":\"\",\"publisher\":{\"@id\":\"https:\\\/\\\/cml-latin.cl\\\/site\\\/#organization\"},\"potentialAction\":[{\"@type\":\"SearchAction\",\"target\":{\"@type\":\"EntryPoint\",\"urlTemplate\":\"https:\\\/\\\/cml-latin.cl\\\/site\\\/?s={search_term_string}\"},\"query-input\":{\"@type\":\"PropertyValueSpecification\",\"valueRequired\":true,\"valueName\":\"search_term_string\"}}],\"inLanguage\":\"es\"},{\"@type\":\"Organization\",\"@id\":\"https:\\\/\\\/cml-latin.cl\\\/site\\\/#organization\",\"name\":\"CML\",\"url\":\"https:\\\/\\\/cml-latin.cl\\\/site\\\/\",\"logo\":{\"@type\":\"ImageObject\",\"inLanguage\":\"es\",\"@id\":\"https:\\\/\\\/cml-latin.cl\\\/site\\\/#\\\/schema\\\/logo\\\/image\\\/\",\"url\":\"https:\\\/\\\/cml-latin.cl\\\/site\\\/wp-content\\\/uploads\\\/2019\\\/05\\\/cropped-logoOKGG.png\",\"contentUrl\":\"https:\\\/\\\/cml-latin.cl\\\/site\\\/wp-content\\\/uploads\\\/2019\\\/05\\\/cropped-logoOKGG.png\",\"width\":512,\"height\":140,\"caption\":\"CML\"},\"image\":{\"@id\":\"https:\\\/\\\/cml-latin.cl\\\/site\\\/#\\\/schema\\\/logo\\\/image\\\/\"}},{\"@type\":\"Person\",\"@id\":\"https:\\\/\\\/cml-latin.cl\\\/site\\\/#\\\/schema\\\/person\\\/9a3f07d94d42c0c1b252f59933f29512\",\"name\":\"CML\",\"image\":{\"@type\":\"ImageObject\",\"inLanguage\":\"es\",\"@id\":\"https:\\\/\\\/secure.gravatar.com\\\/avatar\\\/03c800bf8e38db45c1a21afffc4f2c292deb29aa639ea1657d3494b4ccba34f6?s=96&d=mm&r=g\",\"url\":\"https:\\\/\\\/secure.gravatar.com\\\/avatar\\\/03c800bf8e38db45c1a21afffc4f2c292deb29aa639ea1657d3494b4ccba34f6?s=96&d=mm&r=g\",\"contentUrl\":\"https:\\\/\\\/secure.gravatar.com\\\/avatar\\\/03c800bf8e38db45c1a21afffc4f2c292deb29aa639ea1657d3494b4ccba34f6?s=96&d=mm&r=g\",\"caption\":\"CML\"},\"url\":\"https:\\\/\\\/cml-latin.cl\\\/site\\\/author\\\/wq000415\\\/\"}]}<\/script>\n<!-- \/ Yoast SEO plugin. -->","yoast_head_json":{"title":"Miner\u00eda Chilena: Codelco impulsa la sostenibilidad reducci\u00f3n de emisiones de carbono5 - CML","description":"La miner\u00eda chilena avanza con iniciativas como la de Codelco, que busca reducir un 25% la intensidad de sus emisiones de carbono.","robots":{"index":"index","follow":"follow","max-snippet":"max-snippet:-1","max-image-preview":"max-image-preview:large","max-video-preview":"max-video-preview:-1"},"canonical":"https:\/\/cml-latin.cl\/site\/mineria-chilena-codelco-impulsa-la-sostenibilidad-reduccion-de-emisiones-de-carbono5\/","og_locale":"es_ES","og_type":"article","og_title":"Miner\u00eda Chilena: Codelco impulsa la sostenibilidad reducci\u00f3n de emisiones de carbono5 - CML","og_description":"La miner\u00eda chilena avanza con iniciativas como la de Codelco, que busca reducir un 25% la intensidad de sus emisiones de carbono.","og_url":"https:\/\/cml-latin.cl\/site\/mineria-chilena-codelco-impulsa-la-sostenibilidad-reduccion-de-emisiones-de-carbono5\/","og_site_name":"CML","article_published_time":"2025-01-30T15:30:48+00:00","article_modified_time":"2025-02-03T15:31:30+00:00","og_image":[{"width":900,"height":600,"url":"https:\/\/cml-latin.cl\/site\/wp-content\/uploads\/2025\/02\/mineria-chilena-feb.webp","type":"image\/webp"}],"author":"CML","twitter_card":"summary_large_image","twitter_misc":{"Escrito por":"CML","Tiempo de lectura":"3 minutos"},"schema":{"@context":"https:\/\/schema.org","@graph":[{"@type":"Article","@id":"https:\/\/cml-latin.cl\/site\/mineria-chilena-codelco-impulsa-la-sostenibilidad-reduccion-de-emisiones-de-carbono5\/#article","isPartOf":{"@id":"https:\/\/cml-latin.cl\/site\/mineria-chilena-codelco-impulsa-la-sostenibilidad-reduccion-de-emisiones-de-carbono5\/"},"author":{"name":"CML","@id":"https:\/\/cml-latin.cl\/site\/#\/schema\/person\/9a3f07d94d42c0c1b252f59933f29512"},"headline":"Miner\u00eda Chilena: Codelco impulsa la sostenibilidad reducci\u00f3n de emisiones de carbono5","datePublished":"2025-01-30T15:30:48+00:00","dateModified":"2025-02-03T15:31:30+00:00","mainEntityOfPage":{"@id":"https:\/\/cml-latin.cl\/site\/mineria-chilena-codelco-impulsa-la-sostenibilidad-reduccion-de-emisiones-de-carbono5\/"},"wordCount":499,"publisher":{"@id":"https:\/\/cml-latin.cl\/site\/#organization"},"image":{"@id":"https:\/\/cml-latin.cl\/site\/mineria-chilena-codelco-impulsa-la-sostenibilidad-reduccion-de-emisiones-de-carbono5\/#primaryimage"},"thumbnailUrl":"https:\/\/cml-latin.cl\/site\/wp-content\/uploads\/2025\/02\/mineria-chilena-feb.webp","keywords":["mineria","mineria chilena","Mineria sustentable"],"articleSection":["Miner\u00eda","Noticias"],"inLanguage":"es"},{"@type":"WebPage","@id":"https:\/\/cml-latin.cl\/site\/mineria-chilena-codelco-impulsa-la-sostenibilidad-reduccion-de-emisiones-de-carbono5\/","url":"https:\/\/cml-latin.cl\/site\/mineria-chilena-codelco-impulsa-la-sostenibilidad-reduccion-de-emisiones-de-carbono5\/","name":"Miner\u00eda Chilena: Codelco impulsa la sostenibilidad reducci\u00f3n de emisiones de carbono5 - CML","isPartOf":{"@id":"https:\/\/cml-latin.cl\/site\/#website"},"primaryImageOfPage":{"@id":"https:\/\/cml-latin.cl\/site\/mineria-chilena-codelco-impulsa-la-sostenibilidad-reduccion-de-emisiones-de-carbono5\/#primaryimage"},"image":{"@id":"https:\/\/cml-latin.cl\/site\/mineria-chilena-codelco-impulsa-la-sostenibilidad-reduccion-de-emisiones-de-carbono5\/#primaryimage"},"thumbnailUrl":"https:\/\/cml-latin.cl\/site\/wp-content\/uploads\/2025\/02\/mineria-chilena-feb.webp","datePublished":"2025-01-30T15:30:48+00:00","dateModified":"2025-02-03T15:31:30+00:00","description":"La miner\u00eda chilena avanza con iniciativas como la de Codelco, que busca reducir un 25% la intensidad de sus emisiones de carbono.","breadcrumb":{"@id":"https:\/\/cml-latin.cl\/site\/mineria-chilena-codelco-impulsa-la-sostenibilidad-reduccion-de-emisiones-de-carbono5\/#breadcrumb"},"inLanguage":"es","potentialAction":[{"@type":"ReadAction","target":["https:\/\/cml-latin.cl\/site\/mineria-chilena-codelco-impulsa-la-sostenibilidad-reduccion-de-emisiones-de-carbono5\/"]}]},{"@type":"ImageObject","inLanguage":"es","@id":"https:\/\/cml-latin.cl\/site\/mineria-chilena-codelco-impulsa-la-sostenibilidad-reduccion-de-emisiones-de-carbono5\/#primaryimage","url":"https:\/\/cml-latin.cl\/site\/wp-content\/uploads\/2025\/02\/mineria-chilena-feb.webp","contentUrl":"https:\/\/cml-latin.cl\/site\/wp-content\/uploads\/2025\/02\/mineria-chilena-feb.webp","width":900,"height":600,"caption":"miner\u00eda chilena"},{"@type":"BreadcrumbList","@id":"https:\/\/cml-latin.cl\/site\/mineria-chilena-codelco-impulsa-la-sostenibilidad-reduccion-de-emisiones-de-carbono5\/#breadcrumb","itemListElement":[{"@type":"ListItem","position":1,"name":"Portada","item":"https:\/\/cml-latin.cl\/site\/"},{"@type":"ListItem","position":2,"name":"Miner\u00eda Chilena: Codelco impulsa la sostenibilidad reducci\u00f3n de emisiones de carbono5"}]},{"@type":"WebSite","@id":"https:\/\/cml-latin.cl\/site\/#website","url":"https:\/\/cml-latin.cl\/site\/","name":"CML","description":"","publisher":{"@id":"https:\/\/cml-latin.cl\/site\/#organization"},"potentialAction":[{"@type":"SearchAction","target":{"@type":"EntryPoint","urlTemplate":"https:\/\/cml-latin.cl\/site\/?s={search_term_string}"},"query-input":{"@type":"PropertyValueSpecification","valueRequired":true,"valueName":"search_term_string"}}],"inLanguage":"es"},{"@type":"Organization","@id":"https:\/\/cml-latin.cl\/site\/#organization","name":"CML","url":"https:\/\/cml-latin.cl\/site\/","logo":{"@type":"ImageObject","inLanguage":"es","@id":"https:\/\/cml-latin.cl\/site\/#\/schema\/logo\/image\/","url":"https:\/\/cml-latin.cl\/site\/wp-content\/uploads\/2019\/05\/cropped-logoOKGG.png","contentUrl":"https:\/\/cml-latin.cl\/site\/wp-content\/uploads\/2019\/05\/cropped-logoOKGG.png","width":512,"height":140,"caption":"CML"},"image":{"@id":"https:\/\/cml-latin.cl\/site\/#\/schema\/logo\/image\/"}},{"@type":"Person","@id":"https:\/\/cml-latin.cl\/site\/#\/schema\/person\/9a3f07d94d42c0c1b252f59933f29512","name":"CML","image":{"@type":"ImageObject","inLanguage":"es","@id":"https:\/\/secure.gravatar.com\/avatar\/03c800bf8e38db45c1a21afffc4f2c292deb29aa639ea1657d3494b4ccba34f6?s=96&d=mm&r=g","url":"https:\/\/secure.gravatar.com\/avatar\/03c800bf8e38db45c1a21afffc4f2c292deb29aa639ea1657d3494b4ccba34f6?s=96&d=mm&r=g","contentUrl":"https:\/\/secure.gravatar.com\/avatar\/03c800bf8e38db45c1a21afffc4f2c292deb29aa639ea1657d3494b4ccba34f6?s=96&d=mm&r=g","caption":"CML"},"url":"https:\/\/cml-latin.cl\/site\/author\/wq000415\/"}]}},"_links":{"self":[{"href":"https:\/\/cml-latin.cl\/site\/wp-json\/wp\/v2\/posts\/10212","targetHints":{"allow":["GET"]}}],"collection":[{"href":"https:\/\/cml-latin.cl\/site\/wp-json\/wp\/v2\/posts"}],"about":[{"href":"https:\/\/cml-latin.cl\/site\/wp-json\/wp\/v2\/types\/post"}],"author":[{"embeddable":true,"href":"https:\/\/cml-latin.cl\/site\/wp-json\/wp\/v2\/users\/2"}],"replies":[{"embeddable":true,"href":"https:\/\/cml-latin.cl\/site\/wp-json\/wp\/v2\/comments?post=10212"}],"version-history":[{"count":0,"href":"https:\/\/cml-latin.cl\/site\/wp-json\/wp\/v2\/posts\/10212\/revisions"}],"wp:featuredmedia":[{"embeddable":true,"href":"https:\/\/cml-latin.cl\/site\/wp-json\/wp\/v2\/media\/10215"}],"wp:attachment":[{"href":"https:\/\/cml-latin.cl\/site\/wp-json\/wp\/v2\/media?parent=10212"}],"wp:term":[{"taxonomy":"category","embeddable":true,"href":"https:\/\/cml-latin.cl\/site\/wp-json\/wp\/v2\/categories?post=10212"},{"taxonomy":"post_tag","embeddable":true,"href":"https:\/\/cml-latin.cl\/site\/wp-json\/wp\/v2\/tags?post=10212"}],"curies":[{"name":"wp","href":"https:\/\/api.w.org\/{rel}","templated":true}]}}